{"id":10260,"date":"2020-03-25T14:52:17","date_gmt":"2020-03-25T20:52:17","guid":{"rendered":"https:\/\/www.zonaroja.com.mx\/?p=10260"},"modified":"2020-03-25T14:53:46","modified_gmt":"2020-03-25T20:53:46","slug":"10260","status":"publish","type":"post","link":"https:\/\/zonaroja.com.mx\/?p=10260","title":{"rendered":"Congreso de Oaxaca suspende sesiones ordinarias, por Covid-19"},"content":{"rendered":"\n<p class=\"MsoNormal\">Yuridiana Sosa\/Zona Roja.&nbsp;<\/p>\n\n\n\n<p class=\"MsoNormal\">Oaxaca de Ju\u00e1rez, Oax., 25 de marzo de 2020.- Como medida de prevenci\u00f3n ante la contingencia sanitaria por el coronavirus en Fase 2 en M\u00e9xico, la 64 legislatura del Congreso de Oaxaca inici\u00f3 hoy un receso para las sesiones ordinarias, a reserva de las extraordinarias ante alguna emergencia.<\/p>\n\n\n\n<p class=\"MsoNormal\">El presidente de la Junta de Coordinaci\u00f3n Pol\u00edtica (Jucopo) del Congreso local, Horacio Sosa Villavicencio, anunci\u00f3 la medida durante la sesi\u00f3n de&nbsp;<a href=\"\/\/1\">este mi\u00e9rcoles<\/a>, en la que se tuvo la presencia de 38 de los 42 diputados.<\/p>\n\n\n\n<p class=\"MsoNormal\">En tribuna, apunt\u00f3 que la Jucopo determin\u00f3 que las actividades del primer periodo del segundo a\u00f1o del ejercicio legislativo se reducir\u00e1n a las esenciales, sin descuidar las atenciones prioritarias para la poblaci\u00f3n.<\/p>\n\n\n\n<p class=\"MsoNormal\">Precis\u00f3 que, en caso de ser necesario, los diputados ser\u00e1n convocados a sesiones extraordinarias, mientras que el trabajo urgente en comisiones contin\u00faa, y con eso mantener vigente el periodo legislativo que concluye en el mes de abril.<\/p>\n\n\n\n<p class=\"MsoNormal\">En la Fase 2 de propagaci\u00f3n de Covid-19, dijo, el Congreso de Oaxaca se compromete a tomar las medidas necesarias para salvaguardar a sus trabajadores, as\u00ed como plantear\u00e1n los mecanismos necesarios para que el paso de la contingencia se reactive la econom\u00eda local.<\/p>\n\n\n\n<p class=\"MsoNormal\">A partir de esta fecha y hasta nuevo aviso, la Comisi\u00f3n de Salud se declara en sesi\u00f3n permanente a fin de mantener en vigilancia la evoluci\u00f3n del coronavirus Covid-19 en la entidad.<\/p>\n\n\n\n<p class=\"MsoNormal\">Con estas acciones, agreg\u00f3, el Congreso de Oaxaca se suma a acatar las recomendaciones que el gobierno federal y estatal ejecutan frente a la pandemia.<\/p>\n\n\n\n<p class=\"MsoNormal\">Previo al mensaje, los diputados C\u00e9sar Morales Ni\u00f1o y No\u00e9 Doroteo, exigieron intervenir para dar su postura de rechazo a la medida; no obstante, la decisi\u00f3n de hacer un receso de las sesiones fue de la Jucopo, incluido el PRI. <\/p>\n","protected":false},"excerpt":{"rendered":"<p>Yuridiana Sosa\/Zona Roja.&nbsp; Oaxaca de Ju\u00e1rez, Oax., 25 de marzo de 2020.- Como medida de&hellip;<\/p>\n","protected":false},"author":2,"featured_media":10259,"comment_status":"closed","ping_status":"open","sticky":false,"template":"","format":"standard","meta":{"_lmt_disableupdate":"","_lmt_disable":"","_jetpack_memberships_contains_paid_content":false,"footnotes":""},"categories":[109,46],"tags":[213],"class_list":["post-10260","post","type-post","status-publish","format-standard","has-post-thumbnail","hentry","category-minuto-a-minuto","category-zona-blanca","tag-64-legislatura-de-oaxaca"],"jetpack_featured_media_url":"https:\/\/zonaroja.com.mx\/wp-content\/uploads\/2020\/03\/6c598fd6-50b6-49b9-a2b2-c3d583698a21.jpg","jetpack_sharing_enabled":true,"_links":{"self":[{"href":"https:\/\/zonaroja.com.mx\/index.php?rest_route=\/wp\/v2\/posts\/10260","targetHints":{"allow":["GET"]}}],"collection":[{"href":"https:\/\/zonaroja.com.mx\/index.php?rest_route=\/wp\/v2\/posts"}],"about":[{"href":"https:\/\/zonaroja.com.mx\/index.php?rest_route=\/wp\/v2\/types\/post"}],"author":[{"embeddable":true,"href":"https:\/\/zonaroja.com.mx\/index.php?rest_route=\/wp\/v2\/users\/2"}],"replies":[{"embeddable":true,"href":"https:\/\/zonaroja.com.mx\/index.php?rest_route=%2Fwp%2Fv2%2Fcomments&post=10260"}],"version-history":[{"count":2,"href":"https:\/\/zonaroja.com.mx\/index.php?rest_route=\/wp\/v2\/posts\/10260\/revisions"}],"predecessor-version":[{"id":10262,"href":"https:\/\/zonaroja.com.mx\/index.php?rest_route=\/wp\/v2\/posts\/10260\/revisions\/10262"}],"wp:featuredmedia":[{"embeddable":true,"href":"https:\/\/zonaroja.com.mx\/index.php?rest_route=\/wp\/v2\/media\/10259"}],"wp:attachment":[{"href":"https:\/\/zonaroja.com.mx\/index.php?rest_route=%2Fwp%2Fv2%2Fmedia&parent=10260"}],"wp:term":[{"taxonomy":"category","embeddable":true,"href":"https:\/\/zonaroja.com.mx\/index.php?rest_route=%2Fwp%2Fv2%2Fcategories&post=10260"},{"taxonomy":"post_tag","embeddable":true,"href":"https:\/\/zonaroja.com.mx\/index.php?rest_route=%2Fwp%2Fv2%2Ftags&post=10260"}],"curies":[{"name":"wp","href":"https:\/\/api.w.org\/{rel}","templated":true}]}}