{"id":10273,"date":"2020-03-25T20:55:17","date_gmt":"2020-03-26T02:55:17","guid":{"rendered":"http:\/\/www.zonaroja.com.mx\/?p=10273"},"modified":"2020-03-25T20:55:20","modified_gmt":"2020-03-26T02:55:20","slug":"confirma-profeco-alza-en-el-precio-de-huevo-y-tortilla-pide-a-consumidores-denunciar","status":"publish","type":"post","link":"https:\/\/zonaroja.com.mx\/?p=10273","title":{"rendered":"Confirma Profeco alza en el precio de huevo y tortilla; pide a consumidores denunciar"},"content":{"rendered":"\n<p>Evlin Arag\u00f3n\/Zona Roja.<\/p>\n\n\n\n<p>Oaxaca de Ju\u00e1rez, Oax., 25 de marzo de\n2020.- La delegada en Oaxaca de la Procuradur\u00eda Federal del Consumidor\n(Profeco), Lourdes Santiago Cruz, confirm\u00f3 que en plena contingencia por\ncoronavirus, hay varias denuncias en la capital oaxaque\u00f1a sobre el aumento en\nel precio de productos de la canasta b\u00e1sica, como la tortilla y el huevo por lo\nque ya realizan los exhortos y las visitas correspondientes a las empresas.<\/p>\n\n\n\n<p>\u201cEst\u00e1n llegando varias denuncias en\ncontra de un mismo establecimiento, que se est\u00e1n atendiendo en tiempo y forma\npor parte del personal adscrito a la dependencia federal\u201d, dijo la funcionaria\nv\u00eda telef\u00f3nica.<\/p>\n\n\n\n<p>Aunque evit\u00f3 dar el nombre del\nestablecimiento que registra el mayor n\u00famero de denuncias, para evitar\nentorpecer sus propios procedimientos de actuaci\u00f3n, explic\u00f3 que el aumento\ninjustificado de precio puede configurarse como una falta grave por lo que\nalert\u00f3 a los comerciantes a evitar incurrir en esta pr\u00e1ctica que adem\u00e1s afecta\nla econom\u00eda de la poblaci\u00f3n.<\/p>\n\n\n\n<p>\u201cNo puedo decir cu\u00e1les son las empresas\npor ahora porque de salir con una infracci\u00f3n puede derivar en sanciones\nfuertes, estamos cuidando el procedimiento, pero quiero que sepan que atendemos\nlas denuncias y estamos detectando pr\u00e1cticas irregulares que tienen que ver con\nel aumento de precios y omisiones de parte de los proveedores\u201d, dijo.<\/p>\n\n\n\n<p>Lourdes Santiago explic\u00f3 que son dos\nlas principales rutas las que se siguen en estos momentos, de primera cuenta en\ncaso de tratarse de micro empresas locales se realiza un exhorto para\nconducirse con \u00e9tica y responsabilidad empresarial, adem\u00e1s de explicarles sus\nobligaciones en materia empresarial.<\/p>\n\n\n\n<p>Mientras que para empresas m\u00e1s grandes\nse realizan las inspecciones presenciales a fin de vincular procedimientos en\ncaso de conductas desleales que incluyen los sellos de suspensi\u00f3n a los\nestablecimientos en caso de presentarse el mal proceder por parte del gremio\nempresarial en medio de la contingencia.<\/p>\n\n\n\n<p>Ante el alza en los precios de forma\ninjustificada, la funcionaria invit\u00f3 a la poblaci\u00f3n a presentar su denuncia con\nlos datos espec\u00edficos de los establecimientos y dejar de ser part\u00edcipes de las\ncompras de p\u00e1nico que tambi\u00e9n contribuyen de forma indirecta en el aumento de\nlos costos.<\/p>\n\n\n\n<p>Asimismo, asegur\u00f3 que actualmente se\nest\u00e1 realizando el operativo encabezado por personal de la Profeco por lo que\nser\u00e1 en breve que d\u00e9 las cifras exactas de denuncias y establecimientos que han\nincurrido en malas pr\u00e1cticas durante esta contingencia por la presencia del\nCovid-19 a nivel mundial.<\/p>\n\n\n\n<p>Invit\u00f3 a la sociedad en general a\nreplantearse los h\u00e1bitos de consumo y valorar la compra local que ser\u00e1\nfundamental para la reactivaci\u00f3n econ\u00f3mica. \u201cEs momento de reflexionar en\nnuestros h\u00e1bitos de consumo y compra, hay que ponderar la compra local en estos\nmomentos y retomar en la medida de las posibilidades la producci\u00f3n del auto\nconsumo\u201d, concluy\u00f3.<\/p>\n","protected":false},"excerpt":{"rendered":"<p>Evlin Arag\u00f3n\/Zona Roja. Oaxaca de Ju\u00e1rez, Oax., 25 de marzo de 2020.- La delegada en&hellip;<\/p>\n","protected":false},"author":2,"featured_media":10274,"comment_status":"closed","ping_status":"open","sticky":false,"template":"","format":"standard","meta":{"_lmt_disableupdate":"","_lmt_disable":"","_jetpack_memberships_contains_paid_content":false,"footnotes":""},"categories":[109,47],"tags":[991],"class_list":["post-10273","post","type-post","status-publish","format-standard","has-post-thumbnail","hentry","category-minuto-a-minuto","category-zona-gris","tag-procuraduria-federal-del-consumidor-profeco"],"jetpack_featured_media_url":"https:\/\/zonaroja.com.mx\/wp-content\/uploads\/2020\/03\/Image-1-58-1.png","jetpack_sharing_enabled":true,"_links":{"self":[{"href":"https:\/\/zonaroja.com.mx\/index.php?rest_route=\/wp\/v2\/posts\/10273","targetHints":{"allow":["GET"]}}],"collection":[{"href":"https:\/\/zonaroja.com.mx\/index.php?rest_route=\/wp\/v2\/posts"}],"about":[{"href":"https:\/\/zonaroja.com.mx\/index.php?rest_route=\/wp\/v2\/types\/post"}],"author":[{"embeddable":true,"href":"https:\/\/zonaroja.com.mx\/index.php?rest_route=\/wp\/v2\/users\/2"}],"replies":[{"embeddable":true,"href":"https:\/\/zonaroja.com.mx\/index.php?rest_route=%2Fwp%2Fv2%2Fcomments&post=10273"}],"version-history":[{"count":1,"href":"https:\/\/zonaroja.com.mx\/index.php?rest_route=\/wp\/v2\/posts\/10273\/revisions"}],"predecessor-version":[{"id":10275,"href":"https:\/\/zonaroja.com.mx\/index.php?rest_route=\/wp\/v2\/posts\/10273\/revisions\/10275"}],"wp:featuredmedia":[{"embeddable":true,"href":"https:\/\/zonaroja.com.mx\/index.php?rest_route=\/wp\/v2\/media\/10274"}],"wp:attachment":[{"href":"https:\/\/zonaroja.com.mx\/index.php?rest_route=%2Fwp%2Fv2%2Fmedia&parent=10273"}],"wp:term":[{"taxonomy":"category","embeddable":true,"href":"https:\/\/zonaroja.com.mx\/index.php?rest_route=%2Fwp%2Fv2%2Fcategories&post=10273"},{"taxonomy":"post_tag","embeddable":true,"href":"https:\/\/zonaroja.com.mx\/index.php?rest_route=%2Fwp%2Fv2%2Ftags&post=10273"}],"curies":[{"name":"wp","href":"https:\/\/api.w.org\/{rel}","templated":true}]}}