{"id":10280,"date":"2020-03-25T22:31:46","date_gmt":"2020-03-26T04:31:46","guid":{"rendered":"http:\/\/www.zonaroja.com.mx\/?p=10280"},"modified":"2020-03-25T22:31:49","modified_gmt":"2020-03-26T04:31:49","slug":"registra-el-miercoles-tres-asesinatos-a-balazos-en-oaxaca","status":"publish","type":"post","link":"https:\/\/zonaroja.com.mx\/?p=10280","title":{"rendered":"Registra el mi\u00e9rcoles tres asesinatos a balazos en Oaxaca"},"content":{"rendered":"\n<p>Redacci\u00f3n\/Zona Roja.<\/p>\n\n\n\n<p>Oaxaca de Ju\u00e1rez, Oax., 25 de marzo de\n2020.- Tres personas fueron asesinadas a balazos en el transcurso de este\nmi\u00e9rcoles, en las regiones Valles Centrales e Istmo de Tehuantepec.<\/p>\n\n\n\n<p>Durante la tarde de hoy, fue ejecutado\nun taxista a un costado de la carretera Juchit\u00e1n-La Ventosa, frente a la sede\nde la Universidad del Istmo; la v\u00edctima fue identificada como Miguel T., de 28\na\u00f1os de edad, quien conduc\u00eda la unidad TX-16088, del sitio \u201cGuidxi Riale Bi\u201d,\nde La Ventosa.<\/p>\n\n\n\n<p>Por otra parte, tambi\u00e9n en la tarde de\neste mi\u00e9rcoles, pero en la poblaci\u00f3n de Santo Domingo Tomaltepec, en la regi\u00f3n\nValles Centrales de Oaxaca, un sujeto mat\u00f3 a su padre en el interior de un\ndomicilio ubicado en la calle Libertad.<\/p>\n\n\n\n<p>La v\u00edctima fue identificada como Manuel\nde Jes\u00fas G. M., de 69 a\u00f1os de edad, mientras que el presunto agresor, como\nTom\u00e1s G. M., de 32 a\u00f1os de edad, detenido en el lugar de los hechos y entregado\na las autoridades ministeriales.<\/p>\n\n\n\n<p>Mientras tanto, en la madrugada de hoy\nfue ejecutada en Santa Cruz Xoxocotl\u00e1n una persona del sexo masculina, cuyo\nnombre ni edad no ha sido revelada y presuntamente se mencionaba que era un\nadolescente.<\/p>\n\n\n\n<p>La v\u00edctima fue hallada en la carretera\na Arrazola, en jurisdicci\u00f3n de la agencia de San Javier, cerca de una escuela\nsecundaria, denominada \u201cAlfonso Caso\u201d.<\/p>\n","protected":false},"excerpt":{"rendered":"<p>Redacci\u00f3n\/Zona Roja. Oaxaca de Ju\u00e1rez, Oax., 25 de marzo de 2020.- Tres personas fueron asesinadas&hellip;<\/p>\n","protected":false},"author":2,"featured_media":10281,"comment_status":"closed","ping_status":"open","sticky":false,"template":"","format":"standard","meta":{"_lmt_disableupdate":"","_lmt_disable":"","_jetpack_memberships_contains_paid_content":false,"footnotes":""},"categories":[109,51],"tags":[],"class_list":["post-10280","post","type-post","status-publish","format-standard","has-post-thumbnail","hentry","category-minuto-a-minuto","category-zona-roja"],"jetpack_featured_media_url":"https:\/\/zonaroja.com.mx\/wp-content\/uploads\/2020\/03\/Ejecutado-Juchit\u00e1n.jpg","jetpack_sharing_enabled":true,"_links":{"self":[{"href":"https:\/\/zonaroja.com.mx\/index.php?rest_route=\/wp\/v2\/posts\/10280","targetHints":{"allow":["GET"]}}],"collection":[{"href":"https:\/\/zonaroja.com.mx\/index.php?rest_route=\/wp\/v2\/posts"}],"about":[{"href":"https:\/\/zonaroja.com.mx\/index.php?rest_route=\/wp\/v2\/types\/post"}],"author":[{"embeddable":true,"href":"https:\/\/zonaroja.com.mx\/index.php?rest_route=\/wp\/v2\/users\/2"}],"replies":[{"embeddable":true,"href":"https:\/\/zonaroja.com.mx\/index.php?rest_route=%2Fwp%2Fv2%2Fcomments&post=10280"}],"version-history":[{"count":1,"href":"https:\/\/zonaroja.com.mx\/index.php?rest_route=\/wp\/v2\/posts\/10280\/revisions"}],"predecessor-version":[{"id":10282,"href":"https:\/\/zonaroja.com.mx\/index.php?rest_route=\/wp\/v2\/posts\/10280\/revisions\/10282"}],"wp:featuredmedia":[{"embeddable":true,"href":"https:\/\/zonaroja.com.mx\/index.php?rest_route=\/wp\/v2\/media\/10281"}],"wp:attachment":[{"href":"https:\/\/zonaroja.com.mx\/index.php?rest_route=%2Fwp%2Fv2%2Fmedia&parent=10280"}],"wp:term":[{"taxonomy":"category","embeddable":true,"href":"https:\/\/zonaroja.com.mx\/index.php?rest_route=%2Fwp%2Fv2%2Fcategories&post=10280"},{"taxonomy":"post_tag","embeddable":true,"href":"https:\/\/zonaroja.com.mx\/index.php?rest_route=%2Fwp%2Fv2%2Ftags&post=10280"}],"curies":[{"name":"wp","href":"https:\/\/api.w.org\/{rel}","templated":true}]}}