{"id":10286,"date":"2020-03-26T07:20:05","date_gmt":"2020-03-26T13:20:05","guid":{"rendered":"http:\/\/www.zonaroja.com.mx\/?p=10286"},"modified":"2020-03-26T07:20:07","modified_gmt":"2020-03-26T13:20:07","slug":"paralizado-el-gobierno-federal-a-partir-de-este-jueves","status":"publish","type":"post","link":"https:\/\/zonaroja.com.mx\/?p=10286","title":{"rendered":"Paralizado, el gobierno federal, a partir de este jueves"},"content":{"rendered":"\n<p>Redacci\u00f3n\/Zona Roja Cdmx.<\/p>\n\n\n\n<p>Ciudad de M\u00e9xico, 26 de marzo de 2020.-\nA partir de este jueves y hasta el 19 de abril, el gobierno federal suspender\u00e1\nactividades por la emergencia del coronavirus (Covid-19), salvo en \u00e1reas\nestrat\u00e9gicas del pa\u00eds.<\/p>\n\n\n\n<p>La Secretar\u00eda de Salud federal inform\u00f3\nanoche que se analiza tambi\u00e9n si se suspender\u00e1n las conferencias del Presidente\nAndr\u00e9s Manuel L\u00f3pez Obrador, as\u00ed como las que se realizan en la noche con la\ndependencia.<\/p>\n\n\n\n<p>Destac\u00f3 que cada \u00e1rea del gobierno\ndeterminar\u00e1 cu\u00e1les son los sectores que paran labores, aunque se\u00f1al\u00f3 que los\nramos que no pueden detenerse son salud, el sector petrolero y de energ\u00eda, los\nservicios de agua potable, servicio de limpia, as\u00ed como el de seguridad\np\u00fablica.<\/p>\n\n\n\n<p>La dependencia federal destac\u00f3 que los\ncontagios comunitarios en M\u00e9xico se duplicaron en las \u00faltimas 24 horas, al\npasar de siete a 13 casos.<\/p>\n\n\n\n<p>Puntualiz\u00f3 que estos casos confirmados\nde coronavirus son de personas que no presentaron antecedentes de viaje, ni\nantecedentes de contactos de personas que realizaron viajes.<\/p>\n\n\n\n<p>Apunt\u00f3 que esos 13 casos positivos de\ncontagio comunitario, representan el 3 por ciento de los 475 casos confirmados\nen el pa\u00eds. El aumento del martes al mi\u00e9rcoles fue de 70 casos positivos. Hay\nadem\u00e1s mil 656 sospechosos de contagio.<\/p>\n\n\n\n<p>La Secretar\u00eda de Salud tambi\u00e9n confirm\u00f3\nde un nuevo deceso por Covid-19 en San Luis Potos\u00ed, con lo que suman seis\nmuertes desde el 27 de febrero, cuando se registr\u00f3 el primer positivo. <\/p>\n\n\n\n<p>Inform\u00f3 se trata de un hombre de 70\na\u00f1os con antecedente de contacto con persona que hab\u00eda viajado a Estados\nUnidos, adem\u00e1s de un cuadro de hipertensi\u00f3n y obesidad.<\/p>\n\n\n\n<p>Anot\u00f3 que 88 por ciento de los casos\npositivos se encuentra en un estatus ambulatorio; 6 por ciento, en\nhospitalizaci\u00f3n, en condici\u00f3n estable y 3 por ciento en situaci\u00f3n grave\n(intubaci\u00f3n mec\u00e1nica).<\/p>\n\n\n\n<p>DIPUTADO ENFERMO<\/p>\n\n\n\n<p>Por otra parte, el diputado Jorge\nGarc\u00eda Alcib\u00edades, de Movimiento Ciudadano, dio positivo en la prueba de\ncoronavirus, inform\u00f3 este mi\u00e9rcoles dicho grupo parlamentario de la C\u00e1mara de\nDiputados.<\/p>\n\n\n\n<p>\u00abActuando de manera responsable,\nel diputado no acudi\u00f3 a las sesiones los pasados d\u00edas mi\u00e9rcoles 18 y jueves 19\nde marzo, debido a que presentaba s\u00edntomas de fiebre\u00bb, inform\u00f3 dicha\nbancada en un comunicado.<\/p>\n\n\n\n<p>El legislador Garc\u00eda Alcib\u00edades es\natendido en su domicilio en la Ciudad de M\u00e9xico.<\/p>\n\n\n\n<p>(Con informaci\u00f3n de \u201cEl Financiero\u201d)<\/p>\n","protected":false},"excerpt":{"rendered":"<p>Redacci\u00f3n\/Zona Roja Cdmx. Ciudad de M\u00e9xico, 26 de marzo de 2020.- A partir de este&hellip;<\/p>\n","protected":false},"author":2,"featured_media":10287,"comment_status":"closed","ping_status":"open","sticky":false,"template":"","format":"standard","meta":{"_lmt_disableupdate":"","_lmt_disable":"","_jetpack_memberships_contains_paid_content":false,"footnotes":""},"categories":[109,47],"tags":[1328],"class_list":["post-10286","post","type-post","status-publish","format-standard","has-post-thumbnail","hentry","category-minuto-a-minuto","category-zona-gris","tag-coronavirus-mexico"],"jetpack_featured_media_url":"https:\/\/zonaroja.com.mx\/wp-content\/uploads\/2020\/03\/Qu\u00e9date-en-casa.png","jetpack_sharing_enabled":true,"_links":{"self":[{"href":"https:\/\/zonaroja.com.mx\/index.php?rest_route=\/wp\/v2\/posts\/10286","targetHints":{"allow":["GET"]}}],"collection":[{"href":"https:\/\/zonaroja.com.mx\/index.php?rest_route=\/wp\/v2\/posts"}],"about":[{"href":"https:\/\/zonaroja.com.mx\/index.php?rest_route=\/wp\/v2\/types\/post"}],"author":[{"embeddable":true,"href":"https:\/\/zonaroja.com.mx\/index.php?rest_route=\/wp\/v2\/users\/2"}],"replies":[{"embeddable":true,"href":"https:\/\/zonaroja.com.mx\/index.php?rest_route=%2Fwp%2Fv2%2Fcomments&post=10286"}],"version-history":[{"count":1,"href":"https:\/\/zonaroja.com.mx\/index.php?rest_route=\/wp\/v2\/posts\/10286\/revisions"}],"predecessor-version":[{"id":10288,"href":"https:\/\/zonaroja.com.mx\/index.php?rest_route=\/wp\/v2\/posts\/10286\/revisions\/10288"}],"wp:featuredmedia":[{"embeddable":true,"href":"https:\/\/zonaroja.com.mx\/index.php?rest_route=\/wp\/v2\/media\/10287"}],"wp:attachment":[{"href":"https:\/\/zonaroja.com.mx\/index.php?rest_route=%2Fwp%2Fv2%2Fmedia&parent=10286"}],"wp:term":[{"taxonomy":"category","embeddable":true,"href":"https:\/\/zonaroja.com.mx\/index.php?rest_route=%2Fwp%2Fv2%2Fcategories&post=10286"},{"taxonomy":"post_tag","embeddable":true,"href":"https:\/\/zonaroja.com.mx\/index.php?rest_route=%2Fwp%2Fv2%2Ftags&post=10286"}],"curies":[{"name":"wp","href":"https:\/\/api.w.org\/{rel}","templated":true}]}}