{"id":10296,"date":"2020-03-26T11:39:07","date_gmt":"2020-03-26T17:39:07","guid":{"rendered":"http:\/\/www.zonaroja.com.mx\/?p=10296"},"modified":"2020-03-26T14:08:15","modified_gmt":"2020-03-26T20:08:15","slug":"impunes-los-luis-villaseca-andan-en-la-calle-supuestamente-los-busca-fiscalia","status":"publish","type":"post","link":"https:\/\/zonaroja.com.mx\/?p=10296","title":{"rendered":"Impunes, los Luis Villaseca andan en la calle; supuestamente los busca Fiscal\u00eda"},"content":{"rendered":"\n<p>Redacci\u00f3n\/Zona Roja.<\/p>\n\n\n\n<p>Oaxaca de Ju\u00e1rez, Oax., 26 de marzo de\n2020.- Pese a que supuestamente son buscados por la Fiscal\u00eda General del Estado\nde Oaxaca, los hermanos Luis Villaseca se pasean impunes en la ciudad de Oaxaca.\n<\/p>\n\n\n\n<p>Y de esa manera impune siguen cometiendo delitos, como el reciente ataque a futbolistas, el pasado lunes por la madrugada, en la v\u00eda p\u00fablica frente a la terminal de autobuses ADO, en que adem\u00e1s usaron armas de fuego.<\/p>\n\n\n\n<p>\u201cEl de playera roja es Juan (L.V.)\u2026, el\nde negro su hermano Iv\u00e1n L.V., y de chamara verde t\u00edo de ellos, se llama Arturo\n(D.L.S), son dirigentes del sindicato Libertad, se autonombran ilegalmente\nJoven CATEM, que nada que ver con CATEM Oaxaca. Exigimos sean detenidos (sic)\u201d.<\/p>\n\n\n\n<p>Eso poste\u00f3 en sus redes sociales el\nsecretario General de la Confederaci\u00f3n Aut\u00f3noma de Trabajadores y Empleados de\nM\u00e9xico, Jaime Paz, luego de que los Villaseca fueron se\u00f1alados de ser de CATEM\nJoven.<\/p>\n\n\n\n<p>A trav\u00e9s de las redes sociales se han\ndifundido denuncias de que frecuentemente los Villaseca andan en la ciudad de\nOaxaca y zona conurbada como si no tuvieran \u00f3rdenes de aprehensi\u00f3n en su\ncontra, por delitos que incluyen el homicidio.<\/p>\n\n\n\n<p>Los propios j\u00f3venes presumen de repartir\nhasta 500 mil pesos mensuales a mandos de la Fiscal\u00eda General del Estado,\ncomandantes y personal de la Agencia Estatal de Investigaciones, a fin de no\nser aprehendidos, o en su caso darles el \u201cpitazo\u201d para que escapen.<\/p>\n\n\n\n<p>Apenas el 8 de\nfebrero, encabezaron un bloqueo y enfrentamiento entre el Sindicato \u201cLibertad\u201d\ny la CATEM, en la avenida Ferrocarril, jurisdicci\u00f3n de Santa Cruz Amilpas.<\/p>\n\n\n\n<p>Al dia\nsiguiente fueron cateados sus domicilios, entre ellos una residencia entre San\nFrancisco Tutla y Tlalixtac de Cabrera, donde incluso ten\u00eda animales ex\u00f3ticos.\nFuentes de la Fiscal\u00eda General confirmaron que ah\u00ed viv\u00eda uno de los Villaseca\nquien incluso sal\u00eda de manera cotidiana dejar a su hija a la escuela.<\/p>\n\n\n\n<p>El pasado 9 de febrero, la dirigente de la Confederaci\u00f3n \u201cLibertad\u201d, Guadalupe D\u00edaz Pantoja, fue atacada a balazos en la colonia Reforma de la capital; confirm\u00f3 que se iba a reunir en un restaurante con los hermanos Luis Villaseca.<\/p>\n\n\n\n<figure class=\"wp-block-image\"><img decoding=\"async\" width=\"1024\" height=\"1024\" src=\"http:\/\/www.zonaroja.com.mx\/wp-content\/uploads\/2020\/03\/PHOTO-2020-03-25-20-49-20-1024x1024.jpg\" alt=\"\" class=\"wp-image-10297\" srcset=\"https:\/\/zonaroja.com.mx\/wp-content\/uploads\/2020\/03\/PHOTO-2020-03-25-20-49-20-1024x1024.jpg 1024w, https:\/\/zonaroja.com.mx\/wp-content\/uploads\/2020\/03\/PHOTO-2020-03-25-20-49-20-150x150.jpg 150w, https:\/\/zonaroja.com.mx\/wp-content\/uploads\/2020\/03\/PHOTO-2020-03-25-20-49-20-300x300.jpg 300w, https:\/\/zonaroja.com.mx\/wp-content\/uploads\/2020\/03\/PHOTO-2020-03-25-20-49-20-768x768.jpg 768w, https:\/\/zonaroja.com.mx\/wp-content\/uploads\/2020\/03\/PHOTO-2020-03-25-20-49-20-1170x1170.jpg 1170w, https:\/\/zonaroja.com.mx\/wp-content\/uploads\/2020\/03\/PHOTO-2020-03-25-20-49-20-585x585.jpg 585w, https:\/\/zonaroja.com.mx\/wp-content\/uploads\/2020\/03\/PHOTO-2020-03-25-20-49-20-640x640.jpg 640w, https:\/\/zonaroja.com.mx\/wp-content\/uploads\/2020\/03\/PHOTO-2020-03-25-20-49-20.jpg 1280w\" sizes=\"(max-width: 1024px) 100vw, 1024px\" \/><\/figure>\n\n\n\n<p>A principios de septiembre de 2018,\nambos j\u00f3venes difundieron un video en que supuestamente sal\u00edan de Oaxaca porque\neran perseguidos y les \u201ccrearon\u201d \u00f3rdenes de aprehensi\u00f3n.<\/p>\n\n\n\n<p>\u201cAyer por la tarde me marc\u00f3 (Jos\u00e9\nManuel) Vera Salinas y me dijo que si no me acataba a las reglas del CATEM me\niba a formular unas \u00f3rdenes de aprehensi\u00f3n. Bien lo dijo y bien lo hizo. El d\u00eda\nde hoy en la noche tiene a todos en el juzgado quinto de lo penal haciendo mi\norden de aprehensi\u00f3n. Me est\u00e1n marcando que hay muchos errores pero dicen que\nlas \u00f3rdenes fueron claras: a Juan Luis Villaseca lo queremos ver tras la\nc\u00e1rcel. Nosotros no queremos ser l\u00edderes que caigan en la c\u00e1rcel y sean presos\npol\u00edticos. <\/p>\n\n\n\n<p>\u201cUsted se\u00f1or gobernador nos mand\u00f3 con\nel comandante Vera, estuvimos al 100, pero ahora nos traiciona. Yo me tuve que\nsalir de Oaxaca porque me solt\u00f3 \u00f3rdenes de aprehensi\u00f3n el d\u00eda de hoy, ya me\nest\u00e1n buscando por todo Oaxaca. Vera mand\u00f3 una persona llamada licenciado Beto\nque sabemos que vive en Santiaguito, Etla, a \u00e9l lo amenaz\u00f3 y le dijo sabes qu\u00e9\nme tienes que formular esta orden de aprehensi\u00f3n. Nosotros tenemos muy claro\nque el Juez no tiene nada que ver, \u00e9l es muy recto en su trabajo, Aurelio\nRenato Concha. Sabemos que lo mandaron de vacaciones, qu\u00e9 raro no, justamente\ncuando no me alineo y ni me voy para CATEM\u201d, relat\u00f3 uno de ellos en el video.<\/p>\n\n\n\n<p>\u201cNosotros lo apoyamos Gobernador,\nestuvimos en las buenas y en las malas, pero no se vale que el teniente Vera\nagarre el poder con su mano y diga que estos se van a la c\u00e1rcel porque no se\nalinean conmigo\u201d, reclam\u00f3 Juan Luis Villaseca.<\/p>\n\n\n\n<p>Sin embargo, permanecen en Oaxaca,\nprotegidos por mandos de la Fiscal\u00eda General y de la Agencia Estatal. Presumen\nincluso de tener comprados a jueces y comandantes de la Polic\u00eda Estatal. <\/p>\n\n\n\n<p>El pasado lunes por la madrugada, de\nmanera artera atacaron a balazos a futbolistas, frente a la terminal del ADO. Y\nsiguen impunes.<\/p>\n\n\n\n<p>En tanto, la Confederaci\u00f3n \u201cLibertad\u201d\nse deslind\u00f3 de ellos:<\/p>\n\n\n\n<p>\u201cNo son de \u2018Libertad\u2019, son de CATEM.\nCon total impunidad y bajo la protecci\u00f3n de Alejandro Murat, los hermanos\nVillaseca balacearon a un futbolista frente al ADO y huyeron tranquilamente. <\/p>\n\n\n\n<p>\u201cLos Villaseca est\u00e1n acusados por\nasesinatos, robo, lesiones, violencia y otros delitos, sin embargo al ser CATEM\nuna organizaci\u00f3n af\u00edn a Murat, no se ejerce acci\u00f3n penal en su contra, por esa\nraz\u00f3n los cabecillas de CATEM Joven se pasean libremente por las calles de la\nciudad, consumiendo lo mismo alcohol que enervantes\u201d, refiere una publicaci\u00f3n\nen redes sociales.<\/p>\n","protected":false},"excerpt":{"rendered":"<p>Redacci\u00f3n\/Zona Roja. Oaxaca de Ju\u00e1rez, Oax., 26 de marzo de 2020.- Pese a que supuestamente&hellip;<\/p>\n","protected":false},"author":2,"featured_media":10214,"comment_status":"closed","ping_status":"open","sticky":false,"template":"","format":"standard","meta":{"_lmt_disableupdate":"","_lmt_disable":"","_jetpack_memberships_contains_paid_content":false,"footnotes":""},"categories":[109,51],"tags":[1558],"class_list":["post-10296","post","type-post","status-publish","format-standard","has-post-thumbnail","hentry","category-minuto-a-minuto","category-zona-roja","tag-hermanos-luis-villaseca"],"jetpack_featured_media_url":"https:\/\/zonaroja.com.mx\/wp-content\/uploads\/2020\/03\/Baleados-futbolistas.jpg","jetpack_sharing_enabled":true,"_links":{"self":[{"href":"https:\/\/zonaroja.com.mx\/index.php?rest_route=\/wp\/v2\/posts\/10296","targetHints":{"allow":["GET"]}}],"collection":[{"href":"https:\/\/zonaroja.com.mx\/index.php?rest_route=\/wp\/v2\/posts"}],"about":[{"href":"https:\/\/zonaroja.com.mx\/index.php?rest_route=\/wp\/v2\/types\/post"}],"author":[{"embeddable":true,"href":"https:\/\/zonaroja.com.mx\/index.php?rest_route=\/wp\/v2\/users\/2"}],"replies":[{"embeddable":true,"href":"https:\/\/zonaroja.com.mx\/index.php?rest_route=%2Fwp%2Fv2%2Fcomments&post=10296"}],"version-history":[{"count":2,"href":"https:\/\/zonaroja.com.mx\/index.php?rest_route=\/wp\/v2\/posts\/10296\/revisions"}],"predecessor-version":[{"id":10310,"href":"https:\/\/zonaroja.com.mx\/index.php?rest_route=\/wp\/v2\/posts\/10296\/revisions\/10310"}],"wp:featuredmedia":[{"embeddable":true,"href":"https:\/\/zonaroja.com.mx\/index.php?rest_route=\/wp\/v2\/media\/10214"}],"wp:attachment":[{"href":"https:\/\/zonaroja.com.mx\/index.php?rest_route=%2Fwp%2Fv2%2Fmedia&parent=10296"}],"wp:term":[{"taxonomy":"category","embeddable":true,"href":"https:\/\/zonaroja.com.mx\/index.php?rest_route=%2Fwp%2Fv2%2Fcategories&post=10296"},{"taxonomy":"post_tag","embeddable":true,"href":"https:\/\/zonaroja.com.mx\/index.php?rest_route=%2Fwp%2Fv2%2Ftags&post=10296"}],"curies":[{"name":"wp","href":"https:\/\/api.w.org\/{rel}","templated":true}]}}