{"id":10302,"date":"2020-03-26T11:57:47","date_gmt":"2020-03-26T17:57:47","guid":{"rendered":"http:\/\/www.zonaroja.com.mx\/?p=10302"},"modified":"2020-03-26T14:03:23","modified_gmt":"2020-03-26T20:03:23","slug":"inoperante-la-fiscalia-de-genero-en-oaxaca-victima-de-violencia-da-testimonio","status":"publish","type":"post","link":"https:\/\/zonaroja.com.mx\/?p=10302","title":{"rendered":"Inoperante la Fiscal\u00eda de Genero en Oaxaca; v\u00edctima de violencia da testimonio"},"content":{"rendered":"\n<p>Evlin Arag\u00f3n\/Zona Roja.<\/p>\n\n\n\n<p>Oaxaca de Ju\u00e1rez, Oax., 26 de marzo de 2020.- \u00abHola amigos, quisiera pedirles ayuda en compartir mi historia ya que la Fiscal\u00eda de Delitos contra la Mujer no ha hecho nada al respecto, yo quiero que esto no quede as\u00ed, que sirva para que ninguna otra mujer viva lo que yo viv\u00ed\u201d.<\/p>\n\n\n\n<p>As\u00ed inicia el relato de una joven\noaxaque\u00f1a v\u00edctima de violencia de g\u00e9nero por parte de su pareja sentimental y\nque se enfrent\u00f3, como mucha m\u00e1s, a la inoperancia de la autoridades estatales\nque se han visto rebasadas para hacer cumplir con Ley de Acceso de la Mujeres a\nuna Vida Libre de Violencia vigente en la entidad, situaci\u00f3n que han hecho\nevidente organizaciones sociales y activistas en defensa de los derechos de las\nmujeres.<\/p>\n\n\n\n<p>Ante la insensibilidad y falta de capacidad de las autoridades, Melisa Z\u00e1rate Luna utiliz\u00f3 las redes sociales para alzar la voz y denunciar c\u00f3mo desde hace cuatro a\u00f1os, su pareja sentimental la maltrat\u00f3 f\u00edsica y emocionalmente.<\/p>\n\n\n\n<p>La publicaci\u00f3n, que pidi\u00f3 a familiares y amistades compartirla, fue acompa\u00f1ada con una serie de fotograf\u00edas donde muestra su rostro golpeado, as\u00ed como las capturas de pantalla en donde su agresor la violentaba verbal y psicol\u00f3gicamente.<\/p>\n\n\n\n<figure class=\"wp-block-image\"><img decoding=\"async\" width=\"540\" height=\"960\" src=\"http:\/\/www.zonaroja.com.mx\/wp-content\/uploads\/2020\/03\/Agresiones-mujer-3.jpg\" alt=\"\" class=\"wp-image-10304\" srcset=\"https:\/\/zonaroja.com.mx\/wp-content\/uploads\/2020\/03\/Agresiones-mujer-3.jpg 540w, https:\/\/zonaroja.com.mx\/wp-content\/uploads\/2020\/03\/Agresiones-mujer-3-169x300.jpg 169w\" sizes=\"(max-width: 540px) 100vw, 540px\" \/><\/figure>\n\n\n\n<p>\u00abJam\u00e1s imagin\u00e9 estar en una\nsituaci\u00f3n as\u00ed, pensaba que estas cosas solo se viv\u00edan en la televisi\u00f3n, yo\ntambi\u00e9n dije a m\u00ed no puede pasarme, pero me pas\u00f3, tuve una pareja que durante 4\na\u00f1os me maltrat\u00f3 psicol\u00f3gicamente y f\u00edsicamente; me golpe\u00f3 muchas veces, con\nlas manos, con objetos, me pate\u00f3 hasta que se cans\u00f3, me humillaba, me hac\u00eda\nsentir que yo lo merec\u00eda, para el yo no era m\u00e1s que una \u00abputa, infiel,\npendeja, est\u00fapida\u00bb, menciona.<\/p>\n\n\n\n<p>Se trata de Carlos Daniel Sigala\nRam\u00edrez, quien se atrevi\u00f3 a agredirla delante de su peque\u00f1o hijo de un a\u00f1o y\nmedio, a quien solo le gritaba y lo empujaba para que no le estorbar\u00e1 mientras\nla golpeaba e insultaba en reiteradas ocasiones, hasta el punto de dejarla\ntirada en el piso sangrando.<\/p>\n\n\n\n<p>\u201cFui muy tonta al soportar tanto por tantos\na\u00f1os, pero cr\u00e9anme amigos que esto es una c\u00e1rcel de la que no es f\u00e1cil salir,\nno es f\u00e1cil regresar a ser quien eras despu\u00e9s que alguien te roba la sonrisa a\ninsultos, despu\u00e9s que tus ojos ya s\u00f3lo miran al piso por miedo a un d\u00eda alzar\nla vista y eso te garantice una golpiza al volver a casa, no es f\u00e1cil decir\nbasta cuando todo el amor que sent\u00edas se convierte en miedo\u201d, refiere.<\/p>\n\n\n\n<p>Al mismo tiempo, evidencia el miedo que\nsiente ante las posibles repercusiones que traiga consigo su publicaci\u00f3n debido\nal grado de violencia que enfrent\u00f3 en los \u00faltimos a\u00f1os; sin embargo, detalla\nque la demanda ya fue interpuesta ante las autoridades correspondientes.<\/p>\n\n\n\n<p>\u201cMe da mucha verg\u00fcenza, me da mucho miedo\nhacer esto, tengo miedo porque Carlos no conoce el l\u00edmite, porque me golpe\u00f3\nestando embarazada, porque me destruy\u00f3 desde adentro, me mat\u00f3 muchas veces al\ndejarme cubri\u00e9ndome la cara mientras lloraba, en el piso o en el ba\u00f1o&#8230; Tengo\nmiedo incluso de que me haga cuando vea esto, porque muchas veces me amenaz\u00f3 de\nmuerte a m\u00ed y a mi ni\u00f1o sin importarle que es su hijo\u201d, contin\u00faa el testimonio\nde la joven.<\/p>\n\n\n\n<p>Ese mismo miedo de que vuelva a ser\nv\u00edctima de violencia y la inoperancia de las autoridades que en teor\u00eda tendr\u00edan\nque protegerla, la llevaron a realizar la denuncia a trav\u00e9s de su perfil en\nFacebook la cual fue compartida m\u00e1s de tres mil veces, obteniendo decenas de\nmensajes de respaldo y reconocimiento.<\/p>\n\n\n\n<p>\u201cYa basta, basta que como mujeres permitamos tanto, quiero que esto no lo viva ninguna mujer, soy mam\u00e1 y estoy embarazada, su mam\u00e1 y su familia sab\u00edan que me golpeaba, sab\u00edan la manera en la que me dejaba y nadie hizo nada, siempre me amenazaba hasta la fecha en publicar mis fotos \u00edntimas&#8230; nadie me ayud\u00f3 cuando grite desesperada&#8230; s\u00f3lo me culpaban\u201d, contin\u00faa el relato.<\/p>\n\n\n\n<figure class=\"wp-block-image\"><img decoding=\"async\" width=\"1024\" height=\"1018\" src=\"http:\/\/www.zonaroja.com.mx\/wp-content\/uploads\/2020\/03\/Agresiones-mujer-1-1024x1018.jpg\" alt=\"\" class=\"wp-image-10305\" srcset=\"https:\/\/zonaroja.com.mx\/wp-content\/uploads\/2020\/03\/Agresiones-mujer-1-1024x1018.jpg 1024w, https:\/\/zonaroja.com.mx\/wp-content\/uploads\/2020\/03\/Agresiones-mujer-1-150x150.jpg 150w, https:\/\/zonaroja.com.mx\/wp-content\/uploads\/2020\/03\/Agresiones-mujer-1-300x298.jpg 300w, https:\/\/zonaroja.com.mx\/wp-content\/uploads\/2020\/03\/Agresiones-mujer-1-768x764.jpg 768w, https:\/\/zonaroja.com.mx\/wp-content\/uploads\/2020\/03\/Agresiones-mujer-1-1170x1164.jpg 1170w, https:\/\/zonaroja.com.mx\/wp-content\/uploads\/2020\/03\/Agresiones-mujer-1-585x582.jpg 585w, https:\/\/zonaroja.com.mx\/wp-content\/uploads\/2020\/03\/Agresiones-mujer-1.jpg 1280w\" sizes=\"(max-width: 1024px) 100vw, 1024px\" \/><\/figure>\n\n\n\n<p>\u201cEs tan grande este infierno, es tan\ngrande el monstruo que me inyect\u00f3 que muchas veces hasta llegue a pensar en\nsuicidarme, intento obligarme a dejar mi trabajo, me alej\u00f3 de mis amigas, de mi\nfamilia y alguien que te ama no te lastima de esta forma, amigos ay\u00fadenme a que\nesto se sepa, que si la justicia legal no puede hacer algo por m\u00ed, m\u00ednimo se\nconozca su rostro para que ninguna otra mujer vuelva a caer&#8230; o al menos le\nsirva mi experiencia\u201d, refiere.<\/p>\n\n\n\n<p>Finalmente hizo responsable a Carlos\nDaniel Sigala Ram\u00edrez de lo que pueda llegar a pasarle a ella y a su hijo tras\nla denuncia p\u00fablica realizada, la cual sirvi\u00f3 para que fuera atendida por las autoridades\nde la Fiscal\u00eda General del Estado que hab\u00edan permanecido omisas e indolentes\nantes la violencia que hab\u00eda evidenciado previamente.<\/p>\n\n\n\n<p>\u201cFamilia, amigos, todos los que han\nayudado a difundir mi historia ya estoy recibiendo ayuda. Gracias a todos por\nsus deseos y apoyo, no sab\u00eda que tanta gente podr\u00eda ayudarme ahora me doy\ncuenta de que gente estoy rodeada. Muchas gracias sobre todo a mi familia vamos\na salir de esta\u201d, public\u00f3 esta ma\u00f1ana en sus redes sociales.<\/p>\n","protected":false},"excerpt":{"rendered":"<p>Evlin Arag\u00f3n\/Zona Roja. Oaxaca de Ju\u00e1rez, Oax., 26 de marzo de 2020.- \u00abHola amigos, quisiera&hellip;<\/p>\n","protected":false},"author":2,"featured_media":10306,"comment_status":"closed","ping_status":"open","sticky":false,"template":"","format":"standard","meta":{"_lmt_disableupdate":"","_lmt_disable":"","_jetpack_memberships_contains_paid_content":false,"footnotes":""},"categories":[109,47],"tags":[1559],"class_list":["post-10302","post","type-post","status-publish","format-standard","has-post-thumbnail","hentry","category-minuto-a-minuto","category-zona-gris","tag-violencia-mujeres-oaxaca"],"jetpack_featured_media_url":"https:\/\/zonaroja.com.mx\/wp-content\/uploads\/2020\/03\/Agresiones-mujer-2.jpg","jetpack_sharing_enabled":true,"_links":{"self":[{"href":"https:\/\/zonaroja.com.mx\/index.php?rest_route=\/wp\/v2\/posts\/10302","targetHints":{"allow":["GET"]}}],"collection":[{"href":"https:\/\/zonaroja.com.mx\/index.php?rest_route=\/wp\/v2\/posts"}],"about":[{"href":"https:\/\/zonaroja.com.mx\/index.php?rest_route=\/wp\/v2\/types\/post"}],"author":[{"embeddable":true,"href":"https:\/\/zonaroja.com.mx\/index.php?rest_route=\/wp\/v2\/users\/2"}],"replies":[{"embeddable":true,"href":"https:\/\/zonaroja.com.mx\/index.php?rest_route=%2Fwp%2Fv2%2Fcomments&post=10302"}],"version-history":[{"count":3,"href":"https:\/\/zonaroja.com.mx\/index.php?rest_route=\/wp\/v2\/posts\/10302\/revisions"}],"predecessor-version":[{"id":10308,"href":"https:\/\/zonaroja.com.mx\/index.php?rest_route=\/wp\/v2\/posts\/10302\/revisions\/10308"}],"wp:featuredmedia":[{"embeddable":true,"href":"https:\/\/zonaroja.com.mx\/index.php?rest_route=\/wp\/v2\/media\/10306"}],"wp:attachment":[{"href":"https:\/\/zonaroja.com.mx\/index.php?rest_route=%2Fwp%2Fv2%2Fmedia&parent=10302"}],"wp:term":[{"taxonomy":"category","embeddable":true,"href":"https:\/\/zonaroja.com.mx\/index.php?rest_route=%2Fwp%2Fv2%2Fcategories&post=10302"},{"taxonomy":"post_tag","embeddable":true,"href":"https:\/\/zonaroja.com.mx\/index.php?rest_route=%2Fwp%2Fv2%2Ftags&post=10302"}],"curies":[{"name":"wp","href":"https:\/\/api.w.org\/{rel}","templated":true}]}}