{"id":10311,"date":"2020-03-26T15:57:55","date_gmt":"2020-03-26T21:57:55","guid":{"rendered":"http:\/\/www.zonaroja.com.mx\/?p=10311"},"modified":"2020-03-26T16:01:12","modified_gmt":"2020-03-26T22:01:12","slug":"en-plena-contingencia-comerciantes-bloquean-calles-de-la-capital-de-oaxaca","status":"publish","type":"post","link":"https:\/\/zonaroja.com.mx\/?p=10311","title":{"rendered":"En plena contingencia, comerciantes bloquean calles de la capital de Oaxaca"},"content":{"rendered":"\n<p>Evlin Arag\u00f3n\/Zona Roja.<\/p>\n\n\n\n<p>Oaxaca de Ju\u00e1rez, Oax., 26 de marzo de\n2020.- La suspensi\u00f3n de las ferias en la entidad oaxaque\u00f1a debido a la\ncontingencia por el Covid-19 afecta a las personas que desde hace a\u00f1os se\ndedican a la venta de alimentos, juguetes y todo tipo de art\u00edculos que se\nencuentran en las ferias y festividades locales, as\u00ed como los ya tradicionales\njuegos mec\u00e1nicos.<\/p>\n\n\n\n<p>As\u00ed lo dieron a conocer este jueves\ndecenas de personas auto nombradas \u201cferieros\u201d quienes se manifestaron con\nbloqueo de calles en la capital oaxaque\u00f1a para pedir apoyo econ\u00f3mico por parte\ndel gobierno estatal y federal, ya que se quedar\u00e1n sin su \u00fanica fuente de\ningresos por lo menos en los pr\u00f3ximos tres meses debido a la cancelaci\u00f3n de\neventos masivos.<\/p>\n\n\n\n<p>\u201cLe estamos pidiendo al gobierno que\nnos apoye con un recurso econ\u00f3mico ya que lamentablemente por la situaci\u00f3n de\nsalud que se est\u00e1 viviendo a nivel mundial se est\u00e1n cancelando muchas\nfestividades dej\u00e1ndonos sin ingresos para subsistir\u201d, indic\u00f3 uno de los\nmanifestantes.<\/p>\n\n\n\n<p>Detall\u00f3 que se trata de un aproximado\nde 150 microempresarios ferieros de Oaxaca los que&nbsp; piden el apoyo econ\u00f3mico, de quienes dependen\notras personas m\u00e1s por lo que incluso prev\u00e9n una afectaci\u00f3n a 500 familias\naproximadamente, las cuales no tendr\u00e1n c\u00f3mo enfrentar la contingencia actual.<\/p>\n\n\n\n<p>Recientemente fue cancelada la Feria de la Villa de Etla, as\u00ed como otras m\u00e1s en Ejutla, Ocotl\u00e1n, Miahuatl\u00e1n, lo que inevitablemente les afectar\u00e1 en sus bolsillos, m\u00e1s a\u00fan cuando se habla que la contingencia se extender\u00e1 varios meses e incluso podr\u00eda afectar la temporada de la Guelaguetza.<\/p>\n\n\n\n<figure class=\"wp-block-embed-twitter wp-block-embed is-type-rich is-provider-twitter\"><div class=\"wp-block-embed__wrapper\">\n<div class=\"twitter-tweet\"><blockquote class=\"twitter-tweet\" data-lang=\"es\"><p lang=\"es\" dir=\"ltr\"><a href=\"https:\/\/twitter.com\/hashtag\/OaxacaGris?src=hash&amp;ref_src=twsrc%5Etfw\">#OaxacaGris<\/a><a href=\"https:\/\/twitter.com\/hashtag\/Qu%C3%A9dateEnCasa?src=hash&amp;ref_src=twsrc%5Etfw\">#Qu\u00e9dateEnCasa<\/a><br>A pesar de la contingencia por <a href=\"https:\/\/twitter.com\/hashtag\/coronavirus?src=hash&amp;ref_src=twsrc%5Etfw\">#coronavirus<\/a>, un grupo de comerciantes protesta y bloquea la avenida Independencia, a la altura del jard\u00edn Morelos, para exigir apoyo al gobierno, por no dejarlos instalarse en ferias. <a href=\"https:\/\/t.co\/x8dOOvvyxI\">pic.twitter.com\/x8dOOvvyxI<\/a><\/p>&mdash; Zona Roja Oaxaca (@MexRoja) <a href=\"https:\/\/twitter.com\/MexRoja\/status\/1243245463215550464?ref_src=twsrc%5Etfw\">26 de marzo de 2020<\/a><\/blockquote><\/div>\n<\/div><\/figure>\n\n\n\n<p>\u201cExigimos al gobernador que nos apoye,\nla contingencia no nos permite realizar nuestro trabajo como vamos a\nsobrevivir. Si no trabajamos no comemos. Le pedimos a las autoridades que no\nnos abandonen\u201d, indicaron ante los medios de comunicaci\u00f3n.<\/p>\n\n\n\n<p>Explicaron que no buscan espacios para\nrealizar sus actividades, ya que no tendr\u00eda caso ante el llamado a permanecer\nen casa y evitar los lugares con mayor concentraci\u00f3n de personas, por lo que\ninsistieron en solicitar recurso econ\u00f3mico para poder subsistir.<\/p>\n\n\n\n<p>Finalmente detallaron que de forman\npuntual cumplen con el pago de los servicios e impuestos, por lo que de manera\npac\u00edfica&nbsp; buscan un encuentro con el\ngobernador Alejandro Murat para exponer la situaci\u00f3n y encontrar una soluci\u00f3n a\nla problem\u00e1tica, de lo contrario tomar\u00e1n medidas m\u00e1s dr\u00e1sticas incluso\nanunciaron la instalaci\u00f3n de los juegos mec\u00e1nicos en las vialidades de ser\nnecesario.<\/p>\n\n\n\n<p>El grupo de manifestantes asegur\u00f3 no\npertenecer a ninguna organizaci\u00f3n o sindicato y se pronunciaron como\ntrabajadores independientes unidos para solicitar el apoyo de las autoridades,\nexigencia a la cual se incluir\u00e1n m\u00e1s ferieros provenientes de otras regiones de\nla entidad.<\/p>\n\n\n\n<p>Alrededor de las tres de la tarde de\neste jueves, al no tener respuesta por parte de ninguna autoridad municipal o\nestatal, comenzaron a apoderarse de camiones del transporte urbano, con los\ncuales bloquean diversos cruces viales de las avenidas Independencia y Morelos\ndel centro de la capital.<\/p>\n","protected":false},"excerpt":{"rendered":"<p>Evlin Arag\u00f3n\/Zona Roja. Oaxaca de Ju\u00e1rez, Oax., 26 de marzo de 2020.- La suspensi\u00f3n de&hellip;<\/p>\n","protected":false},"author":2,"featured_media":10312,"comment_status":"closed","ping_status":"open","sticky":false,"template":"","format":"standard","meta":{"_lmt_disableupdate":"","_lmt_disable":"","_jetpack_memberships_contains_paid_content":false,"footnotes":""},"categories":[109,47],"tags":[1560],"class_list":["post-10311","post","type-post","status-publish","format-standard","has-post-thumbnail","hentry","category-minuto-a-minuto","category-zona-gris","tag-protesta-ferieros-oaxaca"],"jetpack_featured_media_url":"https:\/\/zonaroja.com.mx\/wp-content\/uploads\/2020\/03\/Bloqueo-ferieros-de-la-capital.jpg","jetpack_sharing_enabled":true,"_links":{"self":[{"href":"https:\/\/zonaroja.com.mx\/index.php?rest_route=\/wp\/v2\/posts\/10311","targetHints":{"allow":["GET"]}}],"collection":[{"href":"https:\/\/zonaroja.com.mx\/index.php?rest_route=\/wp\/v2\/posts"}],"about":[{"href":"https:\/\/zonaroja.com.mx\/index.php?rest_route=\/wp\/v2\/types\/post"}],"author":[{"embeddable":true,"href":"https:\/\/zonaroja.com.mx\/index.php?rest_route=\/wp\/v2\/users\/2"}],"replies":[{"embeddable":true,"href":"https:\/\/zonaroja.com.mx\/index.php?rest_route=%2Fwp%2Fv2%2Fcomments&post=10311"}],"version-history":[{"count":1,"href":"https:\/\/zonaroja.com.mx\/index.php?rest_route=\/wp\/v2\/posts\/10311\/revisions"}],"predecessor-version":[{"id":10313,"href":"https:\/\/zonaroja.com.mx\/index.php?rest_route=\/wp\/v2\/posts\/10311\/revisions\/10313"}],"wp:featuredmedia":[{"embeddable":true,"href":"https:\/\/zonaroja.com.mx\/index.php?rest_route=\/wp\/v2\/media\/10312"}],"wp:attachment":[{"href":"https:\/\/zonaroja.com.mx\/index.php?rest_route=%2Fwp%2Fv2%2Fmedia&parent=10311"}],"wp:term":[{"taxonomy":"category","embeddable":true,"href":"https:\/\/zonaroja.com.mx\/index.php?rest_route=%2Fwp%2Fv2%2Fcategories&post=10311"},{"taxonomy":"post_tag","embeddable":true,"href":"https:\/\/zonaroja.com.mx\/index.php?rest_route=%2Fwp%2Fv2%2Ftags&post=10311"}],"curies":[{"name":"wp","href":"https:\/\/api.w.org\/{rel}","templated":true}]}}