{"id":10314,"date":"2020-03-26T16:28:38","date_gmt":"2020-03-26T22:28:38","guid":{"rendered":"http:\/\/www.zonaroja.com.mx\/?p=10314"},"modified":"2020-03-26T16:28:41","modified_gmt":"2020-03-26T22:28:41","slug":"el-coronavirus-ya-afecta-a-restauranteros-oaxaquenos-piden-apoyo","status":"publish","type":"post","link":"https:\/\/zonaroja.com.mx\/?p=10314","title":{"rendered":"El coronavirus ya afecta a restauranteros oaxaque\u00f1os; piden apoyo"},"content":{"rendered":"\n<p>Yuridiana Sosa\/Zona Roja.<\/p>\n\n\n\n<p>Oaxaca de Ju\u00e1rez, Oax., 26 de marzo de\n2020.- Bajo el lema \u201cSalvemos Oaxaca\u201d, 115 empresarios se agruparon en el\nColectivo Ciudadano Gastron\u00f3mico de Oaxaca en busca de apoyos a los gobiernos\nfederal, estatal y municipal para sostener y reactivar al comercio local de este\ngiro, frente a la contingencia por el Covid-19.<\/p>\n\n\n\n<p>En una carta p\u00fablica dirigida a las\nautoridades, indicaron que en el transcurso de una semana, el comercio\noaxaque\u00f1o presenta una ca\u00edda del 80 por ciento en las ventas, en promedio.<\/p>\n\n\n\n<p>La disminuci\u00f3n de los ingresos pone en\nriesgo a las empresas locales &#8211;micro, peque\u00f1as y medianas&#8211; con cierres\nparciales o totales de los negocios, expusieron los empresarios.<\/p>\n\n\n\n<p>Estas circunstancias son consecuencia\npor las restricciones para la convivencia numerosa en espacios p\u00fablicos y\nprivado, entre las que se incluyen restaurantes y en los que recientemente el\ngobierno estatal y en el capitalino prohibi\u00f3 la venta de alcohol como medida\npreventiva frente a la pandemia de coronavirus, del que M\u00e9xico entr\u00f3 en Fase 2 y\nque en Oaxaca se registran siete casos positivos en la regi\u00f3n de Valles\nCentrales.<\/p>\n\n\n\n<p>En el escrito para el Presidente Andr\u00e9s\nManuel L\u00f3pez Obrador; al gobernador de Oaxaca, Alejandro Murat Hinojosa y al presidente\nMunicipal de Oaxaca de Ju\u00e1rez, Oswaldo Garc\u00eda Jarqu\u00edn, los empresarios del\nsector gastron\u00f3mico del estado, solicitaron medidas para evitar una \u201ccat\u00e1strofe\nsocial y econ\u00f3mica\u201d.<\/p>\n\n\n\n<p>Plantearon que con el cierre parcial o\ntotal se enfrentar\u00e1n a fondos insuficientes para enviar a sus trabajadores a\ncuarentena con el salario \u00edntegro y evitar renuncias, despidos o descansos\nvoluntarios.<\/p>\n\n\n\n<p>As\u00ed como a la insolvencia pagar rentas\ny servicios; \u201cnula capacidad para hacer frente a pago de impuestos,\ncontribuciones y permisos en alta vulnerabilidad financiera\u201d, entre otras\nafectaciones en la cadena productiva.<\/p>\n\n\n\n<p>En lo que respecta a las autoridades\nfederales, los empresarios destacan que se debe implementar un fondo de\nemergencia productiva para el otorgamiento econ\u00f3mico directo para las micros y\npeque\u00f1as empresas; suspender el cobro mensual de las cuotas obrero-patronal al\nIMSS e Infonavit, as\u00ed como la condonaci\u00f3n del ISR ante el SAT.<\/p>\n\n\n\n<p>Acceso al Fondo de Estabilizaci\u00f3n de\nlos Ingresos Presupuestarios (FEIP); el ingreso prioritario del programa\n\u201cJ\u00f3venes Construyendo el Futuro\u201d a los colaboradores que cumplan con el\nrequisito de edad y que hayan perdido o est\u00e9n en riesgo de perder su empleo por\nla contingencia tasa cero en el pago del IVA para alimentos y bebidas\npreparados y deducci\u00f3n inmediata de las inversiones que las empresas realicen\ndurante el ejercicio de 2020.<\/p>\n\n\n\n<p>PETICIONES ESTATALES<\/p>\n\n\n\n<p>El colectivo demand\u00f3 la condonaci\u00f3n al\n100 por ciento del impuesto sobre Erogaciones por Remuneraciones al Trabajo\nPersonal (Impuesto sobre N\u00f3mina); acceso a financiamientos con tasas\npreferenciales a trav\u00e9s del BanOaxaca, con un periodo de gracia hasta que la\nsituaci\u00f3n econ\u00f3mica se regularice.<\/p>\n\n\n\n<p>As\u00ed como un sistema de becas a trav\u00e9s\ndel Icapet para que los empleados en paro puedan obtener capacitaci\u00f3n\nespec\u00edfica del sector y la creaci\u00f3n de una comisi\u00f3n ciudadana que garantice una\nrepartici\u00f3n justa, equitativa y transparente de los apoyos econ\u00f3micos, con la\nparticipaci\u00f3n del sector empresarial.<\/p>\n\n\n\n<p>PETICIONES MUNICIPALES<\/p>\n\n\n\n<p>El grupo empresarial pidi\u00f3 la dispensa\no reembolso del pago de refrendo de licencias de operaciones, durante el\npresente a\u00f1o 2020; actualizaci\u00f3n del padr\u00f3n de prestadores de servicios de\nalimentos y bebidas preparados y combate a la pirater\u00eda y la competencia\ndesleal.<\/p>\n\n\n\n<p>Una vez superada la contingencia, el\nColectivo Ciudadano Gastron\u00f3mico, consider\u00f3 urgente la implementaci\u00f3n de\nestrategias para impulsar a la ciudad de Oaxaca como destino gastron\u00f3mico de\nM\u00e9xico.<\/p>\n\n\n\n<p>Datos del Directorio Estad\u00edstico\nNacional de Unidades Econ\u00f3micas, en Oaxaca los servicios de preparaci\u00f3n de\nalimentos y bebidas de este rango suman 32 mil 722 establecimientos, con una\nfuerza laboral de 165 mil trabajadores que significa el \u00fanico ingreso familiar\nseguro.<\/p>\n","protected":false},"excerpt":{"rendered":"<p>Yuridiana Sosa\/Zona Roja. Oaxaca de Ju\u00e1rez, Oax., 26 de marzo de 2020.- Bajo el lema&hellip;<\/p>\n","protected":false},"author":2,"featured_media":10315,"comment_status":"closed","ping_status":"open","sticky":false,"template":"","format":"standard","meta":{"_lmt_disableupdate":"","_lmt_disable":"","_jetpack_memberships_contains_paid_content":false,"footnotes":""},"categories":[109,47],"tags":[1512],"class_list":["post-10314","post","type-post","status-publish","format-standard","has-post-thumbnail","hentry","category-minuto-a-minuto","category-zona-gris","tag-coronavirus-oaxaca"],"jetpack_featured_media_url":"https:\/\/zonaroja.com.mx\/wp-content\/uploads\/2020\/03\/Restaurante.jpg","jetpack_sharing_enabled":true,"_links":{"self":[{"href":"https:\/\/zonaroja.com.mx\/index.php?rest_route=\/wp\/v2\/posts\/10314","targetHints":{"allow":["GET"]}}],"collection":[{"href":"https:\/\/zonaroja.com.mx\/index.php?rest_route=\/wp\/v2\/posts"}],"about":[{"href":"https:\/\/zonaroja.com.mx\/index.php?rest_route=\/wp\/v2\/types\/post"}],"author":[{"embeddable":true,"href":"https:\/\/zonaroja.com.mx\/index.php?rest_route=\/wp\/v2\/users\/2"}],"replies":[{"embeddable":true,"href":"https:\/\/zonaroja.com.mx\/index.php?rest_route=%2Fwp%2Fv2%2Fcomments&post=10314"}],"version-history":[{"count":1,"href":"https:\/\/zonaroja.com.mx\/index.php?rest_route=\/wp\/v2\/posts\/10314\/revisions"}],"predecessor-version":[{"id":10316,"href":"https:\/\/zonaroja.com.mx\/index.php?rest_route=\/wp\/v2\/posts\/10314\/revisions\/10316"}],"wp:featuredmedia":[{"embeddable":true,"href":"https:\/\/zonaroja.com.mx\/index.php?rest_route=\/wp\/v2\/media\/10315"}],"wp:attachment":[{"href":"https:\/\/zonaroja.com.mx\/index.php?rest_route=%2Fwp%2Fv2%2Fmedia&parent=10314"}],"wp:term":[{"taxonomy":"category","embeddable":true,"href":"https:\/\/zonaroja.com.mx\/index.php?rest_route=%2Fwp%2Fv2%2Fcategories&post=10314"},{"taxonomy":"post_tag","embeddable":true,"href":"https:\/\/zonaroja.com.mx\/index.php?rest_route=%2Fwp%2Fv2%2Ftags&post=10314"}],"curies":[{"name":"wp","href":"https:\/\/api.w.org\/{rel}","templated":true}]}}