{"id":10328,"date":"2020-03-26T21:46:56","date_gmt":"2020-03-27T03:46:56","guid":{"rendered":"http:\/\/www.zonaroja.com.mx\/?p=10328"},"modified":"2020-03-26T21:47:04","modified_gmt":"2020-03-27T03:47:04","slug":"mexico-8-decesos-por-coronavirus-en-oaxaca-8-casos-positivos-y-24-sospechosos","status":"publish","type":"post","link":"https:\/\/zonaroja.com.mx\/?p=10328","title":{"rendered":"M\u00e9xico, 8 decesos por coronavirus; en Oaxaca, 8 casos positivos y 24 sospechosos"},"content":{"rendered":"\n<p>Redacci\u00f3n\/Zona Roja.<\/p>\n\n\n\n<p>Oaxaca de Ju\u00e1rez, Oax. 26 de marzo de\n2020.- La cifra de personas con Covid-19 en M\u00e9xico, subi\u00f3 a 585, es decir 110\nm\u00e1s que el d\u00eda anterior, inform\u00f3 la Secretar\u00eda de Salud federal. <\/p>\n\n\n\n<p>Asimismo, hay 2 mil 156 casos\nsospechosos en estudio, mientras dos mil 965 personas dieron negativo en la\nprueba de detecci\u00f3n del nuevo virus.<\/p>\n\n\n\n<p>El reporte diario sobre el comportamiento\nde la pandemia en el pa\u00eds, indica que en el pa\u00eds se han identificado a cuatro\npersonas que son portadoras de SARS-CoV-2 pero no presentan s\u00edntomas de\nenfermedad respiratoria.<\/p>\n\n\n\n<p>Respecto a las personas fallecidas, el\ninforme oficial con corte a las 13:00 horas de hoy, 3 se ubican en Ciudad de\nM\u00e9xico, 2 en San Luis Potos\u00ed, 2 en Jalisco y uno en Durango.<\/p>\n\n\n\n<p>EN OAXACA<\/p>\n\n\n\n<p>Por su parte, en Oaxaca el Sistema de\nVigilancia Epidemiol\u00f3gica notific\u00f3 un nuevo caso de Covid-19, por lo que ahora\nsuman ocho pacientes detectados en la entidad.<\/p>\n\n\n\n<p>En un comunicado, el secretario de\nSalud, Donato Casas Escamilla, indic\u00f3 que el nuevo caso se trata de un hombre\nde 56 a\u00f1os de edad, oriundo de la regi\u00f3n de Valles Centrales asociado a un caso\nde importaci\u00f3n.<\/p>\n\n\n\n<p>Es atendido por el Instituto Mexicano\ndel Seguro Social (IMSS), quien presenta un reporte cl\u00ednico estable, por lo que\nse mantendr\u00e1 en aislamiento y monitoreo m\u00e9dico en su domicilio bajo los\nlineamientos establecidos.<\/p>\n\n\n\n<p>Agreg\u00f3 que al corte del 26 de marzo del\npresente a\u00f1o, se han evaluado 70 notificaciones por asociaci\u00f3n a este\npadecimiento, 38 pacientes se han descartado a trav\u00e9s del an\u00e1lisis de muestras\npor laboratorio, y se tienen en estudio 24 pruebas m\u00e1s.<\/p>\n\n\n\n<p>En este sentido, el titular de los\nServicios de Salud de Oaxaca (SSO) anunci\u00f3 que los dos primeros pacientes que\ncomenzaron s\u00edntomas de Covid-19 en la entidad -el pasado 9 y 10 de marzo- se\nles dio de alta m\u00e9dica, al haber cumplido el aislamiento riguroso por 14 d\u00edas\nseg\u00fan lo marca los protocolos Federales, y por registrar una evoluci\u00f3n\nsatisfactoria al encontrarse asintom\u00e1ticos.<\/p>\n","protected":false},"excerpt":{"rendered":"<p>Redacci\u00f3n\/Zona Roja. Oaxaca de Ju\u00e1rez, Oax. 26 de marzo de 2020.- La cifra de personas&hellip;<\/p>\n","protected":false},"author":2,"featured_media":10329,"comment_status":"closed","ping_status":"open","sticky":false,"template":"","format":"standard","meta":{"_lmt_disableupdate":"","_lmt_disable":"","_jetpack_memberships_contains_paid_content":false,"footnotes":""},"categories":[109,47],"tags":[1512],"class_list":["post-10328","post","type-post","status-publish","format-standard","has-post-thumbnail","hentry","category-minuto-a-minuto","category-zona-gris","tag-coronavirus-oaxaca"],"jetpack_featured_media_url":"https:\/\/zonaroja.com.mx\/wp-content\/uploads\/2020\/03\/GRAFICA-SSO-COVID.jpg","jetpack_sharing_enabled":true,"_links":{"self":[{"href":"https:\/\/zonaroja.com.mx\/index.php?rest_route=\/wp\/v2\/posts\/10328","targetHints":{"allow":["GET"]}}],"collection":[{"href":"https:\/\/zonaroja.com.mx\/index.php?rest_route=\/wp\/v2\/posts"}],"about":[{"href":"https:\/\/zonaroja.com.mx\/index.php?rest_route=\/wp\/v2\/types\/post"}],"author":[{"embeddable":true,"href":"https:\/\/zonaroja.com.mx\/index.php?rest_route=\/wp\/v2\/users\/2"}],"replies":[{"embeddable":true,"href":"https:\/\/zonaroja.com.mx\/index.php?rest_route=%2Fwp%2Fv2%2Fcomments&post=10328"}],"version-history":[{"count":1,"href":"https:\/\/zonaroja.com.mx\/index.php?rest_route=\/wp\/v2\/posts\/10328\/revisions"}],"predecessor-version":[{"id":10330,"href":"https:\/\/zonaroja.com.mx\/index.php?rest_route=\/wp\/v2\/posts\/10328\/revisions\/10330"}],"wp:featuredmedia":[{"embeddable":true,"href":"https:\/\/zonaroja.com.mx\/index.php?rest_route=\/wp\/v2\/media\/10329"}],"wp:attachment":[{"href":"https:\/\/zonaroja.com.mx\/index.php?rest_route=%2Fwp%2Fv2%2Fmedia&parent=10328"}],"wp:term":[{"taxonomy":"category","embeddable":true,"href":"https:\/\/zonaroja.com.mx\/index.php?rest_route=%2Fwp%2Fv2%2Fcategories&post=10328"},{"taxonomy":"post_tag","embeddable":true,"href":"https:\/\/zonaroja.com.mx\/index.php?rest_route=%2Fwp%2Fv2%2Ftags&post=10328"}],"curies":[{"name":"wp","href":"https:\/\/api.w.org\/{rel}","templated":true}]}}