{"id":10331,"date":"2020-03-26T22:27:17","date_gmt":"2020-03-27T04:27:17","guid":{"rendered":"http:\/\/www.zonaroja.com.mx\/?p=10331"},"modified":"2020-03-26T22:27:20","modified_gmt":"2020-03-27T04:27:20","slug":"el-coronavirus-empieza-a-dejar-mas-victimas-comercios-vacios-y-desempleo","status":"publish","type":"post","link":"https:\/\/zonaroja.com.mx\/?p=10331","title":{"rendered":"El coronavirus empieza a dejar m\u00e1s v\u00edctimas: comercios vac\u00edos y desempleo"},"content":{"rendered":"\n<p>Yuridiana Sosa\/Zona Roja.<\/p>\n\n\n\n<p>Oaxaca de Ju\u00e1rez, Oax., 26 de marzo de\n2020.- Entre los antiguos edificios de cantera verde se respira tranquilidad. El\ncasi total silencio de las personas hace dudar que se trata del coraz\u00f3n de la colonial\nciudad.<\/p>\n\n\n\n<p>Es el Centro Hist\u00f3rico de Oaxaca, que a\ncuatro d\u00edas de par\u00e1lisis de actividades educativas y gubernamentales, luce\nsolo. <\/p>\n\n\n\n<p>La gente acata las medidas sanitarias\npara evitar el coronavirus. Pero ello tambi\u00e9n est\u00e1 dejando nuevas v\u00edctimas.<\/p>\n\n\n\n<p>Son las seis treinta de la tarde de\njueves, desde su emblem\u00e1tico Andador Tur\u00edstico, que advierte en su quietud que\nalgo ocurre en una ciudad inquieta, casi siempre llena de protestas.<\/p>\n\n\n\n<p>Fue el extra\u00f1o, el extranjero oriental, que oblig\u00f3 a extremar medidas de salud; que paraliza el comercio, el circular de las personas, las oficinas de gobierno, los centros de esparcimiento, casi todo.<\/p>\n\n\n\n<figure class=\"wp-block-embed-twitter wp-block-embed is-type-rich is-provider-twitter\"><div class=\"wp-block-embed__wrapper\">\n<div class=\"twitter-tweet\"><blockquote class=\"twitter-tweet\" data-lang=\"es\"><p lang=\"es\" dir=\"ltr\"><a href=\"https:\/\/twitter.com\/hashtag\/Qu%C3%A9dateEnCasa?src=hash&amp;ref_src=twsrc%5Etfw\">#Qu\u00e9dateEnCasa<\/a><br>(1) Este es un recorrido vespertino por el Centro Hist\u00f3rico de la ciudad de <a href=\"https:\/\/twitter.com\/hashtag\/Oaxaca?src=hash&amp;ref_src=twsrc%5Etfw\">#Oaxaca<\/a>. Es el cuarto d\u00eda de suspensi\u00f3n de labores educativas y de gobierno, por el <a href=\"https:\/\/twitter.com\/hashtag\/coronavirus?src=hash&amp;ref_src=twsrc%5Etfw\">#coronavirus<\/a>, y la ausencia de personas se comienza a resentir en Valles y personas. <a href=\"https:\/\/t.co\/kkVdajqIYV\">pic.twitter.com\/kkVdajqIYV<\/a><\/p>&mdash; Zona Roja Oaxaca (@MexRoja) <a href=\"https:\/\/twitter.com\/MexRoja\/status\/1243381886648385539?ref_src=twsrc%5Etfw\">27 de marzo de 2020<\/a><\/blockquote><\/div>\n<\/div><\/figure>\n\n\n\n<p>Tras el decreto sobre las restricciones\npara restaurantes, por el n\u00famero de clientes, y el comienzo de la ley seca\nestablecida por el ayuntamiento de la capital, este jueves algunos\nestablecimientos no abrieron; otros cerraron antes de su horario ordinario;\notros lucen vac\u00edos.<\/p>\n\n\n\n<p>La tarde cae y la escasa luminaria\nsobre el Andador Tur\u00edstico reafirman un escenario desolador. <\/p>\n\n\n\n<p>Sobre las enormes puertas de madera de\nlos comercios al paso, se advierten en letreros la suspensi\u00f3n de actividades,\npasos restringidos u horarios reducidos. Otros, aprovecharon la fecha para\nhacer inventario.<\/p>\n\n\n\n<p>La calma comienza desde el atrio del\ntemplo de Santo Domingo de Guzm\u00e1n y las plazuelas a un costado, en las que se\npueden contar a los paseantes y en las que se distingue la ausencia de los\nvendedores informales.<\/p>\n\n\n\n<p>Son pocas las personas que pasean;\nalgunos con paso a prisa para volver a casa o sus centros laborales; otros aprovechan\nla escasa concurrencia para pasear con sus mascotas. Y poco menos de una docena\nde vendedores siguen sus ventas sobre las calles, hasta que la autoridad se los\npermita.<\/p>\n\n\n\n<p>El Museo de Arte Contempor\u00e1neo de Oaxaca (MACO) suspendi\u00f3 sus servicios desde el pasado 21 de marzo; con un anuncio en espa\u00f1ol e ingl\u00e9s da a conocer la decisi\u00f3n como medida de prevenci\u00f3n por el Covid-19; el centro de artesan\u00edas \u201cHuizache\u201d, redujo horarios; otros establecimientos, solo por cita.<\/p>\n\n\n\n<figure class=\"wp-block-embed-twitter wp-block-embed is-type-rich is-provider-twitter\"><div class=\"wp-block-embed__wrapper\">\n<div class=\"twitter-tweet\"><blockquote class=\"twitter-tweet\" data-lang=\"es\"><p lang=\"es\" dir=\"ltr\"><a href=\"https:\/\/twitter.com\/hashtag\/Qu%C3%A9dateEnCasa?src=hash&amp;ref_src=twsrc%5Etfw\">#Qu\u00e9dateEnCasa<\/a><br>(2) En la Alameda de Le\u00f3n y el z\u00f3calo de la capital de <a href=\"https:\/\/twitter.com\/hashtag\/Oaxaca?src=hash&amp;ref_src=twsrc%5Etfw\">#Oaxaca<\/a>, el panorama comienza a ser desolador por el aislamiento social; parques y restaurantes sin gente, en apenas cuatro d\u00edas de suspensi\u00f3n de actividades para evitar contagios de coronavirus. <a href=\"https:\/\/t.co\/YzfchnPIVK\">pic.twitter.com\/YzfchnPIVK<\/a><\/p>&mdash; Zona Roja Oaxaca (@MexRoja) <a href=\"https:\/\/twitter.com\/MexRoja\/status\/1243388368248958982?ref_src=twsrc%5Etfw\">27 de marzo de 2020<\/a><\/blockquote><\/div>\n<\/div><\/figure>\n\n\n\n<p>Z\u00d3CALO LIMPIO Y VAC\u00cdO<\/p>\n\n\n\n<p>En el z\u00f3calo de la ciudad, ya despejada\ndel plant\u00f3n que organizaciones sociales mantuvieron por varios d\u00edas, la\npresencia de paseantes es escasa, pero a\u00fan se palpa la inquietud de la ciudad. <\/p>\n\n\n\n<p>Vendedores que viven al d\u00eda de sus\nventas hacen su esfuerzo por continuar su rutina habitual, pero los ingresos\ndicen lo contrario.<\/p>\n\n\n\n<p>En la Plaza de Armas, una protesta da\nse\u00f1ales de la molestia y consecuencias que se viven por la cancelaci\u00f3n de\nactividades por la contingencia sanitaria.<\/p>\n\n\n\n<p>Son los trabajadores de las ferias en\nla entidad que alzaron la voz para pedir apoyos al Gobierno del Estado. Las\nferias en las que participar\u00e1n se cancelaron, las que estaban por comenzar en\nla regi\u00f3n de Valles Centrales y las pr\u00f3ximas en el interior.<\/p>\n\n\n\n<p>Los rostros desencajados, las angustia\npor lo que vendr\u00e1 para sus familias, no s\u00f3lo son de los ferieros, tambi\u00e9n lo\nson de los meseros y empleados de los restaurantes del z\u00f3calo de la ciudad, que\na duras penas mantienen sus puertas abiertas, como abiertas mantienen sus\nesperanzas para tener a salvo el ingreso de cada.<\/p>\n\n\n\n<p>Los portales, otrora llenos de\ncomensales al caer la tarde y en la noche, lucen semivac\u00edos.<\/p>\n\n\n\n<p>Mesas sin clientes, bares cerrados, empleados en la esperanza de conservar el trabajo. Es jueves, apenas el cuarto d\u00eda de la par\u00e1lisis de actividades. El panorama no luce nada positivo para miles. Tambi\u00e9n la vida comercial est\u00e1 en riesgo por el coronavirus.<\/p>\n\n\n\n<figure class=\"wp-block-image\"><img decoding=\"async\" width=\"680\" height=\"510\" src=\"http:\/\/www.zonaroja.com.mx\/wp-content\/uploads\/2020\/03\/Centro-Hist\u00f3rico-Oaxaca.jpg\" alt=\"\" class=\"wp-image-10333\" srcset=\"https:\/\/zonaroja.com.mx\/wp-content\/uploads\/2020\/03\/Centro-Hist\u00f3rico-Oaxaca.jpg 680w, https:\/\/zonaroja.com.mx\/wp-content\/uploads\/2020\/03\/Centro-Hist\u00f3rico-Oaxaca-300x225.jpg 300w, https:\/\/zonaroja.com.mx\/wp-content\/uploads\/2020\/03\/Centro-Hist\u00f3rico-Oaxaca-585x439.jpg 585w\" sizes=\"(max-width: 680px) 100vw, 680px\" \/><\/figure>\n","protected":false},"excerpt":{"rendered":"<p>Yuridiana Sosa\/Zona Roja. Oaxaca de Ju\u00e1rez, Oax., 26 de marzo de 2020.- Entre los antiguos&hellip;<\/p>\n","protected":false},"author":2,"featured_media":10332,"comment_status":"closed","ping_status":"open","sticky":false,"template":"","format":"standard","meta":{"_lmt_disableupdate":"","_lmt_disable":"","_jetpack_memberships_contains_paid_content":false,"footnotes":""},"categories":[109,47],"tags":[1512],"class_list":["post-10331","post","type-post","status-publish","format-standard","has-post-thumbnail","hentry","category-minuto-a-minuto","category-zona-gris","tag-coronavirus-oaxaca"],"jetpack_featured_media_url":"https:\/\/zonaroja.com.mx\/wp-content\/uploads\/2020\/03\/IMG_5334.png","jetpack_sharing_enabled":true,"_links":{"self":[{"href":"https:\/\/zonaroja.com.mx\/index.php?rest_route=\/wp\/v2\/posts\/10331","targetHints":{"allow":["GET"]}}],"collection":[{"href":"https:\/\/zonaroja.com.mx\/index.php?rest_route=\/wp\/v2\/posts"}],"about":[{"href":"https:\/\/zonaroja.com.mx\/index.php?rest_route=\/wp\/v2\/types\/post"}],"author":[{"embeddable":true,"href":"https:\/\/zonaroja.com.mx\/index.php?rest_route=\/wp\/v2\/users\/2"}],"replies":[{"embeddable":true,"href":"https:\/\/zonaroja.com.mx\/index.php?rest_route=%2Fwp%2Fv2%2Fcomments&post=10331"}],"version-history":[{"count":1,"href":"https:\/\/zonaroja.com.mx\/index.php?rest_route=\/wp\/v2\/posts\/10331\/revisions"}],"predecessor-version":[{"id":10334,"href":"https:\/\/zonaroja.com.mx\/index.php?rest_route=\/wp\/v2\/posts\/10331\/revisions\/10334"}],"wp:featuredmedia":[{"embeddable":true,"href":"https:\/\/zonaroja.com.mx\/index.php?rest_route=\/wp\/v2\/media\/10332"}],"wp:attachment":[{"href":"https:\/\/zonaroja.com.mx\/index.php?rest_route=%2Fwp%2Fv2%2Fmedia&parent=10331"}],"wp:term":[{"taxonomy":"category","embeddable":true,"href":"https:\/\/zonaroja.com.mx\/index.php?rest_route=%2Fwp%2Fv2%2Fcategories&post=10331"},{"taxonomy":"post_tag","embeddable":true,"href":"https:\/\/zonaroja.com.mx\/index.php?rest_route=%2Fwp%2Fv2%2Ftags&post=10331"}],"curies":[{"name":"wp","href":"https:\/\/api.w.org\/{rel}","templated":true}]}}