{"id":10335,"date":"2020-03-27T07:48:22","date_gmt":"2020-03-27T13:48:22","guid":{"rendered":"http:\/\/www.zonaroja.com.mx\/?p=10335"},"modified":"2020-03-27T07:48:28","modified_gmt":"2020-03-27T13:48:28","slug":"devasta-incendio-jaltianguis-oaxaca-piden-ayuda-con-viveres","status":"publish","type":"post","link":"https:\/\/zonaroja.com.mx\/?p=10335","title":{"rendered":"Devasta incendio Jaltianguis, Oaxaca; piden ayuda con v\u00edveres"},"content":{"rendered":"\n<p>Redacci\u00f3n\/Zona Roja.<\/p>\n\n\n\n<p>Oaxaca de Ju\u00e1rez, Oax., 27 de marzo de\n2020.- Un incendio forestal devast\u00f3 casas, cultivos, sitios ecotur\u00edsticos y\nbosques en Santa Mar\u00eda Jaltianguis, comunidad de la regi\u00f3n Sierra Norte de\nOaxaca.<\/p>\n\n\n\n<p>Por ello, la autoridad municipal, encabezada\npor el edil Vidal Luna Luna, pidi\u00f3 apoyo a la sociedad en general, a fin de\nproveerles de v\u00edveres.<\/p>\n\n\n\n<p>Asimismo, ropa para ni\u00f1os y para\nadultos, agua embotellada, colchonetas, abarrotes, papel de ba\u00f1o, cobijas,\nart\u00edculos de higiene personal adem\u00e1s de mochilas aspersoras.<\/p>\n\n\n\n<p>Inform\u00f3 que debido a la contingencia, el\nDIF municipal habilit\u00f3 un centro de acopio para quienes deseen apoyar.<\/p>\n\n\n\n<p>\u201cEl pueblo de Santa Mar\u00eda Jaltianguis\nexpresa sus m\u00e1s sinceros agradecimientos a las comunidades, medios digitales,\ninstituciones y pueblo en general, por su solidaridad y apoyo para sofocar el\nincendio que lamentablemente se suscit\u00f3 el d\u00eda de ayer.<\/p>\n\n\n\n<p>\u201cLamentablemente la contingencia a\u00fan no\nacaba, seguimos monitoreando el per\u00edmetro siniestrado y atendiendo a las\npersonas que perdieron su patrimonio para ello apelamos nuevamente a la\nsolidaridad para que quienes tengan la posibilidad, donen los siguientes\nart\u00edculos\u201d, detallan en un escrito emitido ayer.<\/p>\n\n\n\n<p>Por su parte, la Secci\u00f3n 22 del SNTE a\ntrav\u00e9s del coordinador pol\u00edtico del Sector Ixtl\u00e1n, emiti\u00f3 tambi\u00e9n un comunicado\npara solicitar el apoyo con v\u00edveres, que deber\u00e1 ser entregado en las oficinas\ndel Comit\u00e9 Ejecutivo Seccional, en la segunda calle de Armenta y L\u00f3pez de la\nciudad de Oaxaca.<\/p>\n","protected":false},"excerpt":{"rendered":"<p>Redacci\u00f3n\/Zona Roja. Oaxaca de Ju\u00e1rez, Oax., 27 de marzo de 2020.- Un incendio forestal devast\u00f3&hellip;<\/p>\n","protected":false},"author":2,"featured_media":10336,"comment_status":"closed","ping_status":"open","sticky":false,"template":"","format":"standard","meta":{"_lmt_disableupdate":"","_lmt_disable":"","_jetpack_memberships_contains_paid_content":false,"footnotes":""},"categories":[109,47],"tags":[1563],"class_list":["post-10335","post","type-post","status-publish","format-standard","has-post-thumbnail","hentry","category-minuto-a-minuto","category-zona-gris","tag-incendio-jaltianguis"],"jetpack_featured_media_url":"https:\/\/zonaroja.com.mx\/wp-content\/uploads\/2020\/03\/IMG_5369.jpg","jetpack_sharing_enabled":true,"_links":{"self":[{"href":"https:\/\/zonaroja.com.mx\/index.php?rest_route=\/wp\/v2\/posts\/10335","targetHints":{"allow":["GET"]}}],"collection":[{"href":"https:\/\/zonaroja.com.mx\/index.php?rest_route=\/wp\/v2\/posts"}],"about":[{"href":"https:\/\/zonaroja.com.mx\/index.php?rest_route=\/wp\/v2\/types\/post"}],"author":[{"embeddable":true,"href":"https:\/\/zonaroja.com.mx\/index.php?rest_route=\/wp\/v2\/users\/2"}],"replies":[{"embeddable":true,"href":"https:\/\/zonaroja.com.mx\/index.php?rest_route=%2Fwp%2Fv2%2Fcomments&post=10335"}],"version-history":[{"count":1,"href":"https:\/\/zonaroja.com.mx\/index.php?rest_route=\/wp\/v2\/posts\/10335\/revisions"}],"predecessor-version":[{"id":10337,"href":"https:\/\/zonaroja.com.mx\/index.php?rest_route=\/wp\/v2\/posts\/10335\/revisions\/10337"}],"wp:featuredmedia":[{"embeddable":true,"href":"https:\/\/zonaroja.com.mx\/index.php?rest_route=\/wp\/v2\/media\/10336"}],"wp:attachment":[{"href":"https:\/\/zonaroja.com.mx\/index.php?rest_route=%2Fwp%2Fv2%2Fmedia&parent=10335"}],"wp:term":[{"taxonomy":"category","embeddable":true,"href":"https:\/\/zonaroja.com.mx\/index.php?rest_route=%2Fwp%2Fv2%2Fcategories&post=10335"},{"taxonomy":"post_tag","embeddable":true,"href":"https:\/\/zonaroja.com.mx\/index.php?rest_route=%2Fwp%2Fv2%2Ftags&post=10335"}],"curies":[{"name":"wp","href":"https:\/\/api.w.org\/{rel}","templated":true}]}}