{"id":10350,"date":"2020-03-27T11:46:02","date_gmt":"2020-03-27T17:46:02","guid":{"rendered":"http:\/\/www.zonaroja.com.mx\/?p=10350"},"modified":"2020-03-27T11:46:05","modified_gmt":"2020-03-27T17:46:05","slug":"coronavirus-en-oaxaca-capital-santa-lucia-el-tule-y-la-cienega","status":"publish","type":"post","link":"https:\/\/zonaroja.com.mx\/?p=10350","title":{"rendered":"Coronavirus en Oaxaca capital, Santa Luc\u00eda, El Tule y La Ci\u00e9nega"},"content":{"rendered":"\n<p>Evlin Arag\u00f3n\/Zona Roja.<\/p>\n\n\n\n<p>Oaxaca de Ju\u00e1rez, Oax., 27 de marzo de\n2020.- Oaxaca de Ju\u00e1rez, Santa Mar\u00eda El Tule, La Ci\u00e9nega y Santa Luc\u00eda del\nCamino son los municipios que registran los ocho casos de Coronavirus,\ninformaron los Servicios de Salud de Oaxaca (SSO).<\/p>\n\n\n\n<p>Cuatro casos anunciados de forma reciente\nest\u00e1n concentrados en la capital y ubicados dos en la agencia municipal de San\nFelipe del Agua, uno en el barrio de Jalatlaco y el \u00faltimo en centro de la\nciudad.<\/p>\n\n\n\n<p>En tanto, de acuerdo con la\ndependencia, dos personas con coronavirus fueron dadas de alta y se trata de\nuna mujer de 30 a\u00f1os de edad y un var\u00f3n de 62 a\u00f1os con residencia en Oaxaca de\nJu\u00e1rez y La Ci\u00e9nega, Zimatl\u00e1n.<\/p>\n\n\n\n<p>Ambos con antecedentes de haber viajado\nal extranjero, quienes se convirtieron en los primeros casos confirmados y cuya\natenci\u00f3n fue ambulatoria ya que en todo momento se mantuvieron estables.<\/p>\n\n\n\n<p>El caso de La Ci\u00e9nega, Zimatl\u00e1n,\nocasion\u00f3 que la presidenta municipal de la localidad Concepci\u00f3n Libia Hern\u00e1ndez\nCastillo, acusara al titular de los Servicios de Salud, Donato Casas Escamilla,\nde no haber notificado de manera oficial la situaci\u00f3n, poniendo en riesgo al\nresto de la poblaci\u00f3n.<\/p>\n\n\n\n<p>As\u00ed mismo deriv\u00f3 en una serie de\nmedidas para evitar la propagaci\u00f3n del virus anunciadas por la autoridad de\nZimatl\u00e1n de Alvarez, las cuales incluyen la detenci\u00f3n de las personas que no\ncumplan con los protocolos anunciados c\u00f3mo son: no salir de casa, que una sola\npersona realice las compras por familia, cancelar la instalaci\u00f3n de tianguis,\nel cierre de comercios, entre otras m\u00e1s. <\/p>\n\n\n\n<p>Los ocho casos que hasta el momento se\nhan confirmado en la entidad oaxaque\u00f1a no han requerido hospitalizaci\u00f3n,\n\u00fanicamente han recibido atenci\u00f3n ambulatoria y su estatus ha sido estable en\ntodo momento, sin presentarse ninguna defunci\u00f3n de acuerdo con los datos\nproporcionados por los Servicios de Salud.<\/p>\n","protected":false},"excerpt":{"rendered":"<p>Evlin Arag\u00f3n\/Zona Roja. Oaxaca de Ju\u00e1rez, Oax., 27 de marzo de 2020.- Oaxaca de Ju\u00e1rez,&hellip;<\/p>\n","protected":false},"author":2,"featured_media":10351,"comment_status":"closed","ping_status":"open","sticky":false,"template":"","format":"standard","meta":{"_lmt_disableupdate":"","_lmt_disable":"","_jetpack_memberships_contains_paid_content":false,"footnotes":""},"categories":[109,47],"tags":[1512],"class_list":["post-10350","post","type-post","status-publish","format-standard","has-post-thumbnail","hentry","category-minuto-a-minuto","category-zona-gris","tag-coronavirus-oaxaca"],"jetpack_featured_media_url":"https:\/\/zonaroja.com.mx\/wp-content\/uploads\/2020\/03\/Coronavirus-Oaxaca.jpg","jetpack_sharing_enabled":true,"_links":{"self":[{"href":"https:\/\/zonaroja.com.mx\/index.php?rest_route=\/wp\/v2\/posts\/10350","targetHints":{"allow":["GET"]}}],"collection":[{"href":"https:\/\/zonaroja.com.mx\/index.php?rest_route=\/wp\/v2\/posts"}],"about":[{"href":"https:\/\/zonaroja.com.mx\/index.php?rest_route=\/wp\/v2\/types\/post"}],"author":[{"embeddable":true,"href":"https:\/\/zonaroja.com.mx\/index.php?rest_route=\/wp\/v2\/users\/2"}],"replies":[{"embeddable":true,"href":"https:\/\/zonaroja.com.mx\/index.php?rest_route=%2Fwp%2Fv2%2Fcomments&post=10350"}],"version-history":[{"count":1,"href":"https:\/\/zonaroja.com.mx\/index.php?rest_route=\/wp\/v2\/posts\/10350\/revisions"}],"predecessor-version":[{"id":10352,"href":"https:\/\/zonaroja.com.mx\/index.php?rest_route=\/wp\/v2\/posts\/10350\/revisions\/10352"}],"wp:featuredmedia":[{"embeddable":true,"href":"https:\/\/zonaroja.com.mx\/index.php?rest_route=\/wp\/v2\/media\/10351"}],"wp:attachment":[{"href":"https:\/\/zonaroja.com.mx\/index.php?rest_route=%2Fwp%2Fv2%2Fmedia&parent=10350"}],"wp:term":[{"taxonomy":"category","embeddable":true,"href":"https:\/\/zonaroja.com.mx\/index.php?rest_route=%2Fwp%2Fv2%2Fcategories&post=10350"},{"taxonomy":"post_tag","embeddable":true,"href":"https:\/\/zonaroja.com.mx\/index.php?rest_route=%2Fwp%2Fv2%2Ftags&post=10350"}],"curies":[{"name":"wp","href":"https:\/\/api.w.org\/{rel}","templated":true}]}}