{"id":10353,"date":"2020-03-27T12:07:33","date_gmt":"2020-03-27T18:07:33","guid":{"rendered":"http:\/\/www.zonaroja.com.mx\/?p=10353"},"modified":"2020-03-27T12:07:38","modified_gmt":"2020-03-27T18:07:38","slug":"en-cateo-detienen-a-presuntos-lideres-de-cjng-y-director-de-la-policia-en-loma-bonita","status":"publish","type":"post","link":"https:\/\/zonaroja.com.mx\/?p=10353","title":{"rendered":"En cateo, detienen a presuntos l\u00edderes de CJNG y director de la Polic\u00eda en Loma Bonita"},"content":{"rendered":"\n<p>Redacci\u00f3n\/ Zona Roja<\/p>\n\n\n\n<p>Oaxaca de Ju\u00e1rez, Oax., 27 de marzo de\n2020.- En una serie de cateos en el municipio de Loma Bonita, en la regi\u00f3n de\nla Cuenca, elementos de seguridad del orden estatal y federal detuvieron a 10\npersonas, tres de ellas se\u00f1aladas como l\u00edderes e integrantes del grupo criminal\nCartel de Jalisco Nueva Generaci\u00f3n, que operaban en la regi\u00f3n lim\u00edtrofe entre\nOaxaca y Veracruz.<\/p>\n\n\n\n<p>Durante el operativo ejecutado la\nmadrugada de este viernes, luego de trabajos de inteligencia de la Secretar\u00eda\nde Seguridad P\u00fablica, se detuvo al director de la Polic\u00eda Municipal de Loma\nBonita, Juan Fernando G.P., por su presunta vinculaci\u00f3n con dicho grupo de la\ndelincuencia organizada, informaron las autoridades de seguridad p\u00fablica.<\/p>\n\n\n\n<p>En el reporte emitido se dio a conocer que se logr\u00f3 la captura de El\u00edas V. L., alias \u201cEl Ingeniero\u201d, importante l\u00edder delincuencial y presuntamente vinculado al Cartel de Jalisco Nueva Generaci\u00f3n en ese municipio.<\/p>\n\n\n\n<figure class=\"wp-block-image\"><img decoding=\"async\" width=\"429\" height=\"358\" src=\"http:\/\/www.zonaroja.com.mx\/wp-content\/uploads\/2020\/03\/Operativos-Loma-Bonita-3.jpg\" alt=\"\" class=\"wp-image-10355\" srcset=\"https:\/\/zonaroja.com.mx\/wp-content\/uploads\/2020\/03\/Operativos-Loma-Bonita-3.jpg 429w, https:\/\/zonaroja.com.mx\/wp-content\/uploads\/2020\/03\/Operativos-Loma-Bonita-3-300x250.jpg 300w\" sizes=\"(max-width: 429px) 100vw, 429px\" \/><\/figure>\n\n\n\n<p>Tambi\u00e9n fue detenida la directora de\nRecursos Humanos del ayuntamiento de Loma Bonita, Yazm\u00edn R. A., por sus probables\nnexos con el l\u00edder del Cartel Jalisco Nueva Generaci\u00f3n, \u201cBeto Pi\u00f1as\u201d, en la regi\u00f3n\ndel Papaloapan y parte del estado de Veracruz.<\/p>\n\n\n\n<p>En el operativo particip\u00f3 la Secretar\u00eda\nde Seguridad P\u00fablica de Oaxaca (SSPO), la Guardia Nacional, la Secretar\u00eda de la\nDefensa Nacional elementos de la Agencia Estatal de Investigaci\u00f3n de la\nFiscal\u00eda General de Oaxaca.<\/p>\n\n\n\n<p>Las autoridades indicaron que los cateos\nde esta madrugada se realizaron de manera conjunta con otras acciones de\nseguridad por parte de las corporaciones de seguridad del estado de Veracruz en\nla franja fronteriza con el Estado de Oaxaca. Se incautaron adem\u00e1s armas y\ndrogas, sin precisar cantidades.<\/p>\n","protected":false},"excerpt":{"rendered":"<p>Redacci\u00f3n\/ Zona Roja Oaxaca de Ju\u00e1rez, Oax., 27 de marzo de 2020.- En una serie&hellip;<\/p>\n","protected":false},"author":2,"featured_media":10354,"comment_status":"closed","ping_status":"open","sticky":false,"template":"","format":"standard","meta":{"_lmt_disableupdate":"","_lmt_disable":"","_jetpack_memberships_contains_paid_content":false,"footnotes":""},"categories":[109,51],"tags":[1566],"class_list":["post-10353","post","type-post","status-publish","format-standard","has-post-thumbnail","hentry","category-minuto-a-minuto","category-zona-roja","tag-cateos-loma-bonita-oaxaca"],"jetpack_featured_media_url":"https:\/\/zonaroja.com.mx\/wp-content\/uploads\/2020\/03\/Operativos-Loma-Bonita-2.jpg","jetpack_sharing_enabled":true,"_links":{"self":[{"href":"https:\/\/zonaroja.com.mx\/index.php?rest_route=\/wp\/v2\/posts\/10353","targetHints":{"allow":["GET"]}}],"collection":[{"href":"https:\/\/zonaroja.com.mx\/index.php?rest_route=\/wp\/v2\/posts"}],"about":[{"href":"https:\/\/zonaroja.com.mx\/index.php?rest_route=\/wp\/v2\/types\/post"}],"author":[{"embeddable":true,"href":"https:\/\/zonaroja.com.mx\/index.php?rest_route=\/wp\/v2\/users\/2"}],"replies":[{"embeddable":true,"href":"https:\/\/zonaroja.com.mx\/index.php?rest_route=%2Fwp%2Fv2%2Fcomments&post=10353"}],"version-history":[{"count":1,"href":"https:\/\/zonaroja.com.mx\/index.php?rest_route=\/wp\/v2\/posts\/10353\/revisions"}],"predecessor-version":[{"id":10356,"href":"https:\/\/zonaroja.com.mx\/index.php?rest_route=\/wp\/v2\/posts\/10353\/revisions\/10356"}],"wp:featuredmedia":[{"embeddable":true,"href":"https:\/\/zonaroja.com.mx\/index.php?rest_route=\/wp\/v2\/media\/10354"}],"wp:attachment":[{"href":"https:\/\/zonaroja.com.mx\/index.php?rest_route=%2Fwp%2Fv2%2Fmedia&parent=10353"}],"wp:term":[{"taxonomy":"category","embeddable":true,"href":"https:\/\/zonaroja.com.mx\/index.php?rest_route=%2Fwp%2Fv2%2Fcategories&post=10353"},{"taxonomy":"post_tag","embeddable":true,"href":"https:\/\/zonaroja.com.mx\/index.php?rest_route=%2Fwp%2Fv2%2Ftags&post=10353"}],"curies":[{"name":"wp","href":"https:\/\/api.w.org\/{rel}","templated":true}]}}