{"id":10358,"date":"2020-03-27T16:33:56","date_gmt":"2020-03-27T22:33:56","guid":{"rendered":"https:\/\/www.zonaroja.com.mx\/?p=10358"},"modified":"2020-03-27T16:33:58","modified_gmt":"2020-03-27T22:33:58","slug":"cerca-de-100-hectareas-afectadas-en-incendio-de-jaltianguis-en-la-sierra-norte","status":"publish","type":"post","link":"https:\/\/zonaroja.com.mx\/?p=10358","title":{"rendered":"Cerca de 100 hect\u00e1reas afectadas en incendio de Jaltianguis, en la Sierra Norte"},"content":{"rendered":"\n<p class=\"MsoNormal\">Yuridiana Sosa\/Zona Roja<\/p>\n\n\n\n<p class=\"MsoNormal\">Oaxaca de Ju\u00e1rez, Oax., 27 de marzo de 2020.- El incendio en Santa Mar\u00eda Jaltianguis, en la Sierra Norte, devast\u00f3 entre 80 y 100 hect\u00e1reas de bosque y cultivos, con la perdida tambi\u00e9n de algunos animales de la vida silvestre que resultaron calcinados, inform\u00f3 la&nbsp;Comisi\u00f3n Estatal Forestal (Coesfo).<\/p>\n\n\n\n<p class=\"MsoNormal\">El titular de la dependencia, Aar\u00f3n Ju\u00e1rez, indic\u00f3 que el fuego se combati\u00f3 durante 13 horas contin\u00faas, en las que participaron aproximadamente 200 comunero, 100 habitantes de municipios vecinos y dos brigadas contra incendio por parte de la Coesfo.<\/p>\n\n\n\n<p class=\"MsoNormal\">El fuego en la comunidad comenz\u00f3 el pasado mi\u00e9rcoles, el cual se logr\u00f3 sofocar pero se reactiv\u00f3&nbsp;<a href=\"\/\/2\">este jueves<\/a>, dejando un saldo final de cuatro&nbsp;autom\u00f3viles incinerados, una camioneta, seis viviendas y sin la p\u00e9rdida de vidas humanas.<\/p>\n\n\n\n<p class=\"MsoNormal\">Durante el incendio que comenz\u00f3 cerca&nbsp;<a href=\"\/\/3\">de las 15:00<\/a>&nbsp;horas y concluy\u00f3&nbsp;<a href=\"\/\/4\">a las 4:00<\/a>&nbsp;horas de&nbsp;<a href=\"\/\/5\">este viernes<\/a>, tambi\u00e9n resultaron afectadas un taller de alfarer\u00eda, un taller de carpinter\u00eda, un transformador y decenas de postes de red telef\u00f3nica y divisiones de terrenos instalados a lo&nbsp;<a href=\"\/\/6\">largo de 11<\/a>&nbsp;kil\u00f3metros.<\/p>\n\n\n\n<p class=\"MsoNormal\">Aar\u00f3n Ju\u00e1rez indic\u00f3 que tras la jornada, la comunidad estableci\u00f3 una guardia con 40 personas para mantener en vigilancia el terreno afectado y evitar se reactiven las llamas.<\/p>\n\n\n\n<p class=\"MsoNormal\">Ante la desgracia, la autoridad municipal, encabezada por el edil Vidal Luna Luna, solicit\u00f3 apoyo al a sociedad en general para copilar v\u00edveres y ropa para las familias afectadas.<\/p>\n\n\n\n<p><\/p>\n","protected":false},"excerpt":{"rendered":"<p>Yuridiana Sosa\/Zona Roja Oaxaca de Ju\u00e1rez, Oax., 27 de marzo de 2020.- El incendio en&hellip;<\/p>\n","protected":false},"author":2,"featured_media":10357,"comment_status":"closed","ping_status":"open","sticky":false,"template":"","format":"standard","meta":{"_lmt_disableupdate":"","_lmt_disable":"","_jetpack_memberships_contains_paid_content":false,"footnotes":""},"categories":[109,47],"tags":[1567],"class_list":["post-10358","post","type-post","status-publish","format-standard","has-post-thumbnail","hentry","category-minuto-a-minuto","category-zona-gris","tag-santa-maria-jaltianguis"],"jetpack_featured_media_url":"https:\/\/zonaroja.com.mx\/wp-content\/uploads\/2020\/03\/img_5433.jpg","jetpack_sharing_enabled":true,"_links":{"self":[{"href":"https:\/\/zonaroja.com.mx\/index.php?rest_route=\/wp\/v2\/posts\/10358","targetHints":{"allow":["GET"]}}],"collection":[{"href":"https:\/\/zonaroja.com.mx\/index.php?rest_route=\/wp\/v2\/posts"}],"about":[{"href":"https:\/\/zonaroja.com.mx\/index.php?rest_route=\/wp\/v2\/types\/post"}],"author":[{"embeddable":true,"href":"https:\/\/zonaroja.com.mx\/index.php?rest_route=\/wp\/v2\/users\/2"}],"replies":[{"embeddable":true,"href":"https:\/\/zonaroja.com.mx\/index.php?rest_route=%2Fwp%2Fv2%2Fcomments&post=10358"}],"version-history":[{"count":1,"href":"https:\/\/zonaroja.com.mx\/index.php?rest_route=\/wp\/v2\/posts\/10358\/revisions"}],"predecessor-version":[{"id":10359,"href":"https:\/\/zonaroja.com.mx\/index.php?rest_route=\/wp\/v2\/posts\/10358\/revisions\/10359"}],"wp:featuredmedia":[{"embeddable":true,"href":"https:\/\/zonaroja.com.mx\/index.php?rest_route=\/wp\/v2\/media\/10357"}],"wp:attachment":[{"href":"https:\/\/zonaroja.com.mx\/index.php?rest_route=%2Fwp%2Fv2%2Fmedia&parent=10358"}],"wp:term":[{"taxonomy":"category","embeddable":true,"href":"https:\/\/zonaroja.com.mx\/index.php?rest_route=%2Fwp%2Fv2%2Fcategories&post=10358"},{"taxonomy":"post_tag","embeddable":true,"href":"https:\/\/zonaroja.com.mx\/index.php?rest_route=%2Fwp%2Fv2%2Ftags&post=10358"}],"curies":[{"name":"wp","href":"https:\/\/api.w.org\/{rel}","templated":true}]}}