{"id":10360,"date":"2020-03-27T18:10:55","date_gmt":"2020-03-28T00:10:55","guid":{"rendered":"http:\/\/www.zonaroja.com.mx\/?p=10360"},"modified":"2020-03-27T18:11:01","modified_gmt":"2020-03-28T00:11:01","slug":"confirma-san-mateo-rio-hondo-caso-de-coronavirus-y-ordena-cierre-total","status":"publish","type":"post","link":"https:\/\/zonaroja.com.mx\/?p=10360","title":{"rendered":"Confirma San Mateo R\u00edo Hondo caso de coronavirus y ordena cierre total"},"content":{"rendered":"\n<p>Redacci\u00f3n\/Zona Roja.<\/p>\n\n\n\n<p>Oaxaca de Ju\u00e1rez, Oax., 27 de marzo de\n2020.- El ayuntamiento de San Mateo R\u00edo Hondo inform\u00f3 el registro de una\npersona con coronavirus, por lo que orden\u00f3 el cierre toral de sus accesos a\ntoda persona for\u00e1nea, desde este viernes.<\/p>\n\n\n\n<p>Presuntamente el infectado estar\u00eda en\nla comunidad tur\u00edstica de San Jos\u00e9 del Pac\u00edfico, a quien ordenan impedir la\nentrada a los visitantes.<\/p>\n\n\n\n<p>\u201cAnte la situaci\u00f3n de casos confirmados de coronavirus dentro de la jurisdicci\u00f3n del municipio, la autoridad municipal ha determinado cerrar el paso definitivo a la comunidad, con la finalidad de mantener el bienestar de las familias. Asimismo, se les invita a permanecer en sus casas y tomar las medidas preventivas\u201d, duce un escrito firmado por el edil Julio C\u00e9sar L\u00f3pez G\u00fcendulain con fecha de hoy.<\/p>\n\n\n\n<figure class=\"wp-block-image\"><img decoding=\"async\" width=\"768\" height=\"1024\" src=\"http:\/\/www.zonaroja.com.mx\/wp-content\/uploads\/2020\/03\/PHOTO-2020-03-27-17-42-25-768x1024.jpg\" alt=\"\" class=\"wp-image-10361\" srcset=\"https:\/\/zonaroja.com.mx\/wp-content\/uploads\/2020\/03\/PHOTO-2020-03-27-17-42-25-768x1024.jpg 768w, https:\/\/zonaroja.com.mx\/wp-content\/uploads\/2020\/03\/PHOTO-2020-03-27-17-42-25-225x300.jpg 225w, https:\/\/zonaroja.com.mx\/wp-content\/uploads\/2020\/03\/PHOTO-2020-03-27-17-42-25-585x780.jpg 585w, https:\/\/zonaroja.com.mx\/wp-content\/uploads\/2020\/03\/PHOTO-2020-03-27-17-42-25.jpg 960w\" sizes=\"(max-width: 768px) 100vw, 768px\" \/><\/figure>\n\n\n\n<p>Otro documento est\u00e1 signado por la\nagencia municipal de San Jos\u00e9 del Pac\u00edfico, dirigido due\u00f1os de caba\u00f1as,\nhostales, de renta de cuartos, bares y temascales, as\u00ed como expendios de\nalimentos.<\/p>\n\n\n\n<p>\u201cQueda estrictamente prohibido prestar\nel servicio al turismo nacional e internacional a partir de este viernes 27 de\nmarzo del presente a\u00f1o hasta en tanto dure la contingencia sanitaria, ya que\nexiste en la poblaci\u00f3n un caso confirmado de coronavirus\u201d, expone el oficio\nfirmado por el agente Federico Cruz Bustamante y el suplente Onofre Garc\u00eda\nGarc\u00eda.<\/p>\n\n\n\n<p>San Jos\u00e9 de Pac\u00edfico es una comunidad\ntur\u00edstica ubicada a unos 130 kil\u00f3metros de la capital, en el distrito de\nMiahuatl\u00e1n, cuyo mayor n\u00famero de visitantes son turistas extranjeros.<\/p>\n","protected":false},"excerpt":{"rendered":"<p>Redacci\u00f3n\/Zona Roja. Oaxaca de Ju\u00e1rez, Oax., 27 de marzo de 2020.- El ayuntamiento de San&hellip;<\/p>\n","protected":false},"author":2,"featured_media":9435,"comment_status":"closed","ping_status":"open","sticky":false,"template":"","format":"standard","meta":{"_lmt_disableupdate":"","_lmt_disable":"","_jetpack_memberships_contains_paid_content":false,"footnotes":""},"categories":[109,47],"tags":[1512],"class_list":["post-10360","post","type-post","status-publish","format-standard","has-post-thumbnail","hentry","category-minuto-a-minuto","category-zona-gris","tag-coronavirus-oaxaca"],"jetpack_featured_media_url":"https:\/\/zonaroja.com.mx\/wp-content\/uploads\/2020\/03\/San-Jos\u00e9-del-Pac\u00edfico.jpg","jetpack_sharing_enabled":true,"_links":{"self":[{"href":"https:\/\/zonaroja.com.mx\/index.php?rest_route=\/wp\/v2\/posts\/10360","targetHints":{"allow":["GET"]}}],"collection":[{"href":"https:\/\/zonaroja.com.mx\/index.php?rest_route=\/wp\/v2\/posts"}],"about":[{"href":"https:\/\/zonaroja.com.mx\/index.php?rest_route=\/wp\/v2\/types\/post"}],"author":[{"embeddable":true,"href":"https:\/\/zonaroja.com.mx\/index.php?rest_route=\/wp\/v2\/users\/2"}],"replies":[{"embeddable":true,"href":"https:\/\/zonaroja.com.mx\/index.php?rest_route=%2Fwp%2Fv2%2Fcomments&post=10360"}],"version-history":[{"count":1,"href":"https:\/\/zonaroja.com.mx\/index.php?rest_route=\/wp\/v2\/posts\/10360\/revisions"}],"predecessor-version":[{"id":10362,"href":"https:\/\/zonaroja.com.mx\/index.php?rest_route=\/wp\/v2\/posts\/10360\/revisions\/10362"}],"wp:featuredmedia":[{"embeddable":true,"href":"https:\/\/zonaroja.com.mx\/index.php?rest_route=\/wp\/v2\/media\/9435"}],"wp:attachment":[{"href":"https:\/\/zonaroja.com.mx\/index.php?rest_route=%2Fwp%2Fv2%2Fmedia&parent=10360"}],"wp:term":[{"taxonomy":"category","embeddable":true,"href":"https:\/\/zonaroja.com.mx\/index.php?rest_route=%2Fwp%2Fv2%2Fcategories&post=10360"},{"taxonomy":"post_tag","embeddable":true,"href":"https:\/\/zonaroja.com.mx\/index.php?rest_route=%2Fwp%2Fv2%2Ftags&post=10360"}],"curies":[{"name":"wp","href":"https:\/\/api.w.org\/{rel}","templated":true}]}}