{"id":10377,"date":"2020-03-28T07:58:33","date_gmt":"2020-03-28T13:58:33","guid":{"rendered":"http:\/\/www.zonaroja.com.mx\/?p=10377"},"modified":"2020-03-28T08:03:57","modified_gmt":"2020-03-28T14:03:57","slug":"engana-de-nuevo-gobernador-de-oaxaca-con-hospital-para-atender-coronavirus","status":"publish","type":"post","link":"https:\/\/zonaroja.com.mx\/?p=10377","title":{"rendered":"Enga\u00f1a de nuevo gobernador de Oaxaca con hospital para atender coronavirus"},"content":{"rendered":"\n<p>Redacci\u00f3n\/Zona Roja Cdmx.<\/p>\n\n\n\n<p>Ciudad de M\u00e9xico, 27 de marzo de 2020.- Una vez m\u00e1s, el gobernador de Oaxaca, Alejandro Murat Hinojosa qued\u00f3 evidenciado, luego de que a Secretar\u00eda de la Defensa Nacional (Sedena) inform\u00f3 que el Hospital de Especialidades Materno-Infantil no est\u00e1 terminado de Juchit\u00e1n de Zaroza, no tiene agua, luz, ni drenaje, y no puede ser utilizado en esta emergencia por el Covid-19.<\/p>\n\n\n\n<p>De acuerdo con una nota informativa de la Agencia Proceso, apenas 72 horas antes, el mandatario oaxaque\u00f1o alarde\u00f3: \u201cSeremos el estado que tenga el equipamiento m\u00e1s nuevo y moderno en todo el pa\u00eds en cuatro hospitales\u201d.<\/p>\n\n\n\n<p>Se refer\u00eda a los nosocomios inconclusos de la Mujer y el Ni\u00f1o Oaxaque\u00f1o (en San Bartolo Coyotepec), de Especialidades Materno-Infantil en Juchit\u00e1n, el Rural de Tlaxiaco (suspendida su inauguraci\u00f3n por la renta de equipo usado) y el de Tanivet. De este \u00faltimo los trabajadores de salud desconocen su existencia.<\/p>\n\n\n\n<p>La Agencia Proceso a\u00f1ade que el comandante de la 46\/Zona Militar con sede en Ciudad Ixtepec, Oaxaca, Higinio Gabriel Castillo Olvera, precis\u00f3 que el Hospital de Especialidades Materno-Infantil que construye el Grupo M\u00e9xico (GM) en la ciudad de Juchit\u00e1n, se encuentra al 93% de su construcci\u00f3n y su equipamiento demorar\u00e1 seis meses.<\/p>\n\n\n\n<p>Expuso que la realidad es que el nosocomio no tiene agua, ni luz, ni drenaje, y el pr\u00f3ximo 20 de abril se pretende entregar la obra concluida.<\/p>\n\n\n\n<p>\u201cPara su equipamiento se estima tarde seis meses, porque mucho del material o equipamiento no se produce en M\u00e9xico. Por consiguiente, no me han dado instrucciones para que lo reciba\u201d, apunt\u00f3 Castillo.<\/p>\n\n\n\n<p>Luego que el gobernador hizo el anuncio de que ese hospital se utilizar\u00eda en la emergencia por el coronavirus, el comandante fue enviado a reconocer cu\u00e1l es el estado que guarda el nosocomio.<\/p>\n\n\n\n<p>\u201cTodav\u00eda no est\u00e1 terminada su construcci\u00f3n, est\u00e1 al 93% y todav\u00eda no est\u00e1 equipado, depende del Grupo M\u00e9xico, del gobierno federal y gobierno del estado\u201d, dijo a Proceso.<\/p>\n\n\n\n<p>A\u00f1adi\u00f3: \u201cYa vine con ingenieros y est\u00e1n concluyendo el edificio, pero hacen falta la bajada de luz que necesita cierto voltaje; necesitan que se autorice conectarse a la red de agua potable y de drenaje de la ciudad, y la instalaci\u00f3n de todo el equipamiento\u201d.<\/p>\n\n\n\n<p>As\u00ed lo se\u00f1al\u00f3 en una reuni\u00f3n de la Comisi\u00f3n Municipal de Salud a la que asisti\u00f3 el presidente municipal de Juchit\u00e1n, Emilio Montero P\u00e9rez, y el jefe de la Jurisdicci\u00f3n Sanitaria n\u00famero 2 Istmo, doctor Daniel L\u00f3pez Regalado.<\/p>\n\n\n\n<p>Detall\u00f3 que, al entrevistarse con el superintendente encargado de la construcci\u00f3n del hospital, le comunic\u00f3 que para el puro equipamiento se llevar\u00edan seis meses.<\/p>\n\n\n\n<p>Entonces \u201cno tiene nada. No lo estamos considerando (para atender casos de Covd-19). En determinado momento s\u00f3lo puede servir de albergue para un cuerpo m\u00e9dico\u201d, a\u00f1adi\u00f3 el comandante de la 46\/Zona Militar.<\/p>\n\n\n\n<p>Y resalt\u00f3: \u201cAnda fluyendo en las redes que nos lo van a entregar, pero cuando est\u00e9 equipado. No tengo orden de recibirlo\u201d, detalla la informaci\u00f3n de la Agencia Proceso.<\/p>\n","protected":false},"excerpt":{"rendered":"<p>Redacci\u00f3n\/Zona Roja Cdmx. Ciudad de M\u00e9xico, 27 de marzo de 2020.- Una vez m\u00e1s, el&hellip;<\/p>\n","protected":false},"author":2,"featured_media":10378,"comment_status":"closed","ping_status":"open","sticky":false,"template":"","format":"standard","meta":{"_lmt_disableupdate":"","_lmt_disable":"","_jetpack_memberships_contains_paid_content":false,"footnotes":""},"categories":[109,47],"tags":[173,1570],"class_list":["post-10377","post","type-post","status-publish","format-standard","has-post-thumbnail","hentry","category-minuto-a-minuto","category-zona-gris","tag-alejandro-murat-hinojosa","tag-hospital-de-especialidades-juchitan"],"jetpack_featured_media_url":"https:\/\/zonaroja.com.mx\/wp-content\/uploads\/2020\/03\/PHOTO-2020-03-27-21-16-54.jpg","jetpack_sharing_enabled":true,"_links":{"self":[{"href":"https:\/\/zonaroja.com.mx\/index.php?rest_route=\/wp\/v2\/posts\/10377","targetHints":{"allow":["GET"]}}],"collection":[{"href":"https:\/\/zonaroja.com.mx\/index.php?rest_route=\/wp\/v2\/posts"}],"about":[{"href":"https:\/\/zonaroja.com.mx\/index.php?rest_route=\/wp\/v2\/types\/post"}],"author":[{"embeddable":true,"href":"https:\/\/zonaroja.com.mx\/index.php?rest_route=\/wp\/v2\/users\/2"}],"replies":[{"embeddable":true,"href":"https:\/\/zonaroja.com.mx\/index.php?rest_route=%2Fwp%2Fv2%2Fcomments&post=10377"}],"version-history":[{"count":1,"href":"https:\/\/zonaroja.com.mx\/index.php?rest_route=\/wp\/v2\/posts\/10377\/revisions"}],"predecessor-version":[{"id":10379,"href":"https:\/\/zonaroja.com.mx\/index.php?rest_route=\/wp\/v2\/posts\/10377\/revisions\/10379"}],"wp:featuredmedia":[{"embeddable":true,"href":"https:\/\/zonaroja.com.mx\/index.php?rest_route=\/wp\/v2\/media\/10378"}],"wp:attachment":[{"href":"https:\/\/zonaroja.com.mx\/index.php?rest_route=%2Fwp%2Fv2%2Fmedia&parent=10377"}],"wp:term":[{"taxonomy":"category","embeddable":true,"href":"https:\/\/zonaroja.com.mx\/index.php?rest_route=%2Fwp%2Fv2%2Fcategories&post=10377"},{"taxonomy":"post_tag","embeddable":true,"href":"https:\/\/zonaroja.com.mx\/index.php?rest_route=%2Fwp%2Fv2%2Ftags&post=10377"}],"curies":[{"name":"wp","href":"https:\/\/api.w.org\/{rel}","templated":true}]}}