{"id":10381,"date":"2020-03-28T10:01:40","date_gmt":"2020-03-28T16:01:40","guid":{"rendered":"http:\/\/www.zonaroja.com.mx\/?p=10381"},"modified":"2020-03-28T10:01:43","modified_gmt":"2020-03-28T16:01:43","slug":"en-un-mes-se-duplican-incendios-forestales-en-oaxaca","status":"publish","type":"post","link":"https:\/\/zonaroja.com.mx\/?p=10381","title":{"rendered":"En un mes, se duplican incendios forestales en Oaxaca"},"content":{"rendered":"\n<p>Yuridiana Sosa\/Zona Roja.<\/p>\n\n\n\n<p>Oaxaca de Oax., 28 de marzo de 2020.-\nEn la entidad oaxaque\u00f1as se han registrado en lo que va este a\u00f1o, 61 incendios\nforestales que devastaron m\u00e1s de mil 170 hect\u00e1reas, lo que representa el 165\npor ciento m\u00e1s que hace un mes.<\/p>\n\n\n\n<p>As\u00ed lo demuestran datos de la Comisi\u00f3n\nEstatal Forestal (Coesfo), que se\u00f1alan que de enero al 23 de febrero se\nregistraron 23 incendios; para el mes de marzo, con corte al 27 de marzo, la\ncifra total del a\u00f1o ascendi\u00f3 a 61 eventos.<\/p>\n\n\n\n<p>En cuanto a las afectaciones, la\nextensi\u00f3n de hect\u00e1reas siniestradas pas\u00f3 en un mes de 228 a mil 170, report\u00f3 el\ntitular de la Coesfo, Aar\u00f3n Ju\u00e1rez.<\/p>\n\n\n\n<p>Los 61 incendios se registraron en seis\nregiones de la entidad; Valles Centrales encabeza la lista con 37 hechos,\nseguido por la Sierra Sur con ocho casos, la Mixteca registr\u00f3 seis, Sierra\nNorte alcanzo los cuatro eventos con el m\u00e1s reciente ocurrido en Santa Mar\u00eda\nJaltianguis. Mientras que en el Istmo y en la Costa ocurrieron tres en cada una\nde estas zonas.<\/p>\n\n\n\n<p>Durante el a\u00f1o 2019 en Oaxaca se\nregistr\u00f3 un total de 251 incendios forestales que provocaron una afectaci\u00f3n de\n57 mil 434 hect\u00e1reas.<\/p>\n\n\n\n<p>La Coesfo pidi\u00f3 a la poblaci\u00f3n en\ngeneral tomar las medidas preventivas a fin de evitar los siniestros, pues la\nmayor\u00eda son provocados por la mano del hombre.<\/p>\n","protected":false},"excerpt":{"rendered":"<p>Yuridiana Sosa\/Zona Roja. Oaxaca de Oax., 28 de marzo de 2020.- En la entidad oaxaque\u00f1as&hellip;<\/p>\n","protected":false},"author":2,"featured_media":10382,"comment_status":"closed","ping_status":"open","sticky":false,"template":"","format":"standard","meta":{"_lmt_disableupdate":"","_lmt_disable":"","_jetpack_memberships_contains_paid_content":false,"footnotes":""},"categories":[109,47],"tags":[1256],"class_list":["post-10381","post","type-post","status-publish","format-standard","has-post-thumbnail","hentry","category-minuto-a-minuto","category-zona-gris","tag-incendios-forestales-oaxaca"],"jetpack_featured_media_url":"https:\/\/zonaroja.com.mx\/wp-content\/uploads\/2020\/03\/Incendios-forestales.jpg","jetpack_sharing_enabled":true,"_links":{"self":[{"href":"https:\/\/zonaroja.com.mx\/index.php?rest_route=\/wp\/v2\/posts\/10381","targetHints":{"allow":["GET"]}}],"collection":[{"href":"https:\/\/zonaroja.com.mx\/index.php?rest_route=\/wp\/v2\/posts"}],"about":[{"href":"https:\/\/zonaroja.com.mx\/index.php?rest_route=\/wp\/v2\/types\/post"}],"author":[{"embeddable":true,"href":"https:\/\/zonaroja.com.mx\/index.php?rest_route=\/wp\/v2\/users\/2"}],"replies":[{"embeddable":true,"href":"https:\/\/zonaroja.com.mx\/index.php?rest_route=%2Fwp%2Fv2%2Fcomments&post=10381"}],"version-history":[{"count":1,"href":"https:\/\/zonaroja.com.mx\/index.php?rest_route=\/wp\/v2\/posts\/10381\/revisions"}],"predecessor-version":[{"id":10383,"href":"https:\/\/zonaroja.com.mx\/index.php?rest_route=\/wp\/v2\/posts\/10381\/revisions\/10383"}],"wp:featuredmedia":[{"embeddable":true,"href":"https:\/\/zonaroja.com.mx\/index.php?rest_route=\/wp\/v2\/media\/10382"}],"wp:attachment":[{"href":"https:\/\/zonaroja.com.mx\/index.php?rest_route=%2Fwp%2Fv2%2Fmedia&parent=10381"}],"wp:term":[{"taxonomy":"category","embeddable":true,"href":"https:\/\/zonaroja.com.mx\/index.php?rest_route=%2Fwp%2Fv2%2Fcategories&post=10381"},{"taxonomy":"post_tag","embeddable":true,"href":"https:\/\/zonaroja.com.mx\/index.php?rest_route=%2Fwp%2Fv2%2Ftags&post=10381"}],"curies":[{"name":"wp","href":"https:\/\/api.w.org\/{rel}","templated":true}]}}