{"id":10390,"date":"2020-03-28T10:27:06","date_gmt":"2020-03-28T16:27:06","guid":{"rendered":"http:\/\/www.zonaroja.com.mx\/?p=10390"},"modified":"2020-03-28T10:27:09","modified_gmt":"2020-03-28T16:27:09","slug":"declara-el-fmi-recesion-mundial-por-efectos-del-covid-19","status":"publish","type":"post","link":"https:\/\/zonaroja.com.mx\/?p=10390","title":{"rendered":"Declara el FMI recesi\u00f3n mundial, por efectos del Covid-19"},"content":{"rendered":"\n<p>Redacci\u00f3n\/Zona Roja Cdmx.<\/p>\n\n\n\n<p>Ciudad de M\u00e9xico, 28 de marzo de 2020.-\nEl coronavirus ha hundido a la econom\u00eda mundial en una recesi\u00f3n, dijo este\nviernes la directora gerente del Fondo Monetario Internacional (FMI),\nKristalina Georgieva.<\/p>\n\n\n\n<p>De acuerdo con informaci\u00f3n del diario \u201cMilenio\u201d,\na ello se suma una inmensa presi\u00f3n sobre los mercados emergentes que sufren por\nla ca\u00edda del comercio, la reducci\u00f3n de las exportaciones y las salidas masivas\nde capital.<\/p>\n\n\n\n<p>En una rueda de prensa, Georgieva\nremarc\u00f3 que los pa\u00edses de mercados emergentes necesitan al menos 2.5 billones\nde d\u00f3lares en recursos financieros para superar la pandemia. <\/p>\n\n\n\n<p>Las reservas y los pr\u00e9stamos en los\nmercados locales ser\u00e1n insuficientes para cubrir estas necesidades, por lo que\nse requerir\u00e1 un financiamiento sustancial del FMI, otras instituciones y\nacreedores bilaterales, agreg\u00f3, a\u00f1ade la publicaci\u00f3n de \u201cMilenio\u201d. <\/p>\n\n\n\n<p>Adem\u00e1s, la jefa del organismo\ninternacional destac\u00f3 la importancia de las estrictas medidas de contenci\u00f3n\npara controlar la pandemia de coronavirus, que seg\u00fan afirm\u00f3 permitir\u00e1n una\nfuerte recuperaci\u00f3n econ\u00f3mica en 2021. <\/p>\n\n\n\n<p>Georgieva dijo a la cadena de\ntelevisi\u00f3n CNBC que la comunidad global se est\u00e1 coordinando para responder a la\ncrisis con medidas fiscales contundentes, y que estas acciones han sido m\u00e1s\nvastas que las tomadas durante la debacle financiera de 2008, expone \u201cMilenio\u201d.<\/p>\n\n\n\n<p>CONFINAMIENTO <\/p>\n\n\n\n<p>De acuerdo con un estudio de la\nOrganizaci\u00f3n para la Cooperaci\u00f3n y el Desarrollo Econ\u00f3mico (OCDE), M\u00e9xico ser\u00e1\nuno de los pa\u00edses en los que la aplicaci\u00f3n de medidas de confinamiento completo\ncontra el covid-19 tendr\u00e1 un mayor impacto econ\u00f3mico, con una ca\u00edda de casi 30\npor ciento de su producci\u00f3n. <\/p>\n\n\n\n<p>En un documento publicado este viernes,\nsu secretario general, Jos\u00e9 \u00c1ngel Gurr\u00eda, se\u00f1al\u00f3 que las medidas de\nconfinamiento suponen una reducci\u00f3n de la actividad de hasta un tercio en las\ngrandes econom\u00edas del mundo; calcul\u00f3 que cada mes que se mantenga esta situaci\u00f3n\nrestar\u00e1 dos puntos porcentuales del producto interior bruto (PIB) en 2020. <\/p>\n\n\n\n<p>\u201cMilenio\u201d informa que el funcionario advirti\u00f3\nque muchas econom\u00edas caer\u00e1n en recesi\u00f3n, algo \u201cinevitable\u201d porque hay que\nluchar contra la pandemia y al mismo tiempo hacer lo necesario para que la\nactividad arranque tan pronto como sea posible. <\/p>\n\n\n\n<p>Dijo que el impacto es diferente para\ncada pa\u00eds en funci\u00f3n del peso que tiene cada sector en su econom\u00eda; naciones\ndonde el turismo tiene un peso econ\u00f3mico importante, dado que ese sector podr\u00eda\nsufrir desplomes de hasta 70 por ciento, ser\u00e1n m\u00e1s perjudicados. <\/p>\n","protected":false},"excerpt":{"rendered":"<p>Redacci\u00f3n\/Zona Roja Cdmx. Ciudad de M\u00e9xico, 28 de marzo de 2020.- El coronavirus ha hundido&hellip;<\/p>\n","protected":false},"author":2,"featured_media":9965,"comment_status":"closed","ping_status":"open","sticky":false,"template":"","format":"standard","meta":{"_lmt_disableupdate":"","_lmt_disable":"","_jetpack_memberships_contains_paid_content":false,"footnotes":""},"categories":[109,47],"tags":[1510],"class_list":["post-10390","post","type-post","status-publish","format-standard","has-post-thumbnail","hentry","category-minuto-a-minuto","category-zona-gris","tag-coronavirus-pandemia-global"],"jetpack_featured_media_url":"https:\/\/zonaroja.com.mx\/wp-content\/uploads\/2020\/03\/Coronavirus-pandemia.jpg","jetpack_sharing_enabled":true,"_links":{"self":[{"href":"https:\/\/zonaroja.com.mx\/index.php?rest_route=\/wp\/v2\/posts\/10390","targetHints":{"allow":["GET"]}}],"collection":[{"href":"https:\/\/zonaroja.com.mx\/index.php?rest_route=\/wp\/v2\/posts"}],"about":[{"href":"https:\/\/zonaroja.com.mx\/index.php?rest_route=\/wp\/v2\/types\/post"}],"author":[{"embeddable":true,"href":"https:\/\/zonaroja.com.mx\/index.php?rest_route=\/wp\/v2\/users\/2"}],"replies":[{"embeddable":true,"href":"https:\/\/zonaroja.com.mx\/index.php?rest_route=%2Fwp%2Fv2%2Fcomments&post=10390"}],"version-history":[{"count":1,"href":"https:\/\/zonaroja.com.mx\/index.php?rest_route=\/wp\/v2\/posts\/10390\/revisions"}],"predecessor-version":[{"id":10391,"href":"https:\/\/zonaroja.com.mx\/index.php?rest_route=\/wp\/v2\/posts\/10390\/revisions\/10391"}],"wp:featuredmedia":[{"embeddable":true,"href":"https:\/\/zonaroja.com.mx\/index.php?rest_route=\/wp\/v2\/media\/9965"}],"wp:attachment":[{"href":"https:\/\/zonaroja.com.mx\/index.php?rest_route=%2Fwp%2Fv2%2Fmedia&parent=10390"}],"wp:term":[{"taxonomy":"category","embeddable":true,"href":"https:\/\/zonaroja.com.mx\/index.php?rest_route=%2Fwp%2Fv2%2Fcategories&post=10390"},{"taxonomy":"post_tag","embeddable":true,"href":"https:\/\/zonaroja.com.mx\/index.php?rest_route=%2Fwp%2Fv2%2Ftags&post=10390"}],"curies":[{"name":"wp","href":"https:\/\/api.w.org\/{rel}","templated":true}]}}