{"id":10392,"date":"2020-03-28T14:14:06","date_gmt":"2020-03-28T20:14:06","guid":{"rendered":"http:\/\/www.zonaroja.com.mx\/?p=10392"},"modified":"2020-03-28T14:14:09","modified_gmt":"2020-03-28T20:14:09","slug":"al-minimo-actividades-en-hospital-de-especialidades-sigue-queja-de-personal","status":"publish","type":"post","link":"https:\/\/zonaroja.com.mx\/?p=10392","title":{"rendered":"Al m\u00ednimo, actividades en Hospital de Especialidades; sigue queja de personal"},"content":{"rendered":"\n<p>Yuridiana Sosa\/Zona Roja.<\/p>\n\n\n\n<p>Oaxaca de Ju\u00e1rez, Oax., 28 de marzo de\n2020.- A partir de este 28 de marzo, el Hospital Regional de Alta Especialidad\nde Oaxaca, ubicado en el municipio de San Bartolo Coyotepec, suspendi\u00f3 la\natenci\u00f3n m\u00e9dica de consulta externa hasta nuevo aviso, debido a la contingencia\npor el Covid-19.<\/p>\n\n\n\n<p>As\u00ed lo dio a conocer la direcci\u00f3n\ngeneral del nosocomio a cargo de Eduardo Abelardo Revilla Rodr\u00edguez, quien a\ntrav\u00e9s de una circular expuso que \u00fanicamente quedar\u00e1n abiertas las atenciones\nen las \u00e1reas de especialidades de oncolog\u00eda, hematolog\u00eda y urgencias de\nnefrolog\u00eda.<\/p>\n\n\n\n<p>\u201cDando cumplimiento a las medidas\npreventivas implementadas en este pa\u00eds y en espec\u00edfico en el Hospital Regional\nde Alta Especialidad de Oaxaca y con la \u00fanica finalidad de evitar en lo posible\nlos contagios por la enfermedad por el virus Sars-CoV2 (Covid-19) dentro de la\npoblaci\u00f3n de nuestro hospital, as\u00ed como en pacientes de usuarios en general que\nacudan al mismo\u201d, menciona el comunicado.<\/p>\n\n\n\n<p>INCONFORMIDAD LABORAL<\/p>\n\n\n\n<p>Por otra parte, el personal\nadministrativo del nosocomio denunci\u00f3 que la Direcci\u00f3n General no toma las\nmedidas suficientes de prevenci\u00f3n entre su plantilla laboral, ni las de higiene\npara mantener un espacio sano.<\/p>\n\n\n\n<p>Los trabajadores indicaron que las\nactividades laborales para las \u00e1reas no sustantivas para el funcionamiento del\nhospital en medio de la contingencia se manten\u00edan activas, lo cual contradice\nlo ordenado por la Secretar\u00eda de Salud.<\/p>\n\n\n\n<p>Recordaron que el subsecretario de\nSalud, Hugo L\u00f3pez Gatell, indic\u00f3 que \u201ctodo el que est\u00e9 en la Secretaria de\nSalud en una oficina de tr\u00e1mite que se quede en casa\u201d.<\/p>\n\n\n\n<p>As\u00ed como para aquellos que cubran\n\u201cactividades esenciales se pueden reorganizar para que no tenga que estar el\npersonal al mismo tiempo y se pueden organizar guardias y alternar los\nhorarios\u201d.<\/p>\n\n\n\n<p>Sin embargo, los directivos sostienen\nque el personal en el HRAEO no est\u00e1 en riesgo de contagiarse de Coronavirus,\npero tampoco han otorgado cubrebocas, gel antibacterial, ni jab\u00f3n para el\nlavado de manos en los ba\u00f1os del inmueble, se\u00f1alaron los inconformes.<\/p>\n","protected":false},"excerpt":{"rendered":"<p>Yuridiana Sosa\/Zona Roja. Oaxaca de Ju\u00e1rez, Oax., 28 de marzo de 2020.- A partir de&hellip;<\/p>\n","protected":false},"author":2,"featured_media":10393,"comment_status":"closed","ping_status":"open","sticky":false,"template":"","format":"standard","meta":{"_lmt_disableupdate":"","_lmt_disable":"","_jetpack_memberships_contains_paid_content":false,"footnotes":""},"categories":[109,47],"tags":[1572],"class_list":["post-10392","post","type-post","status-publish","format-standard","has-post-thumbnail","hentry","category-minuto-a-minuto","category-zona-gris","tag-hospital-regional-de-alta-especialidad-oaxaca"],"jetpack_featured_media_url":"https:\/\/zonaroja.com.mx\/wp-content\/uploads\/2020\/03\/Hospital-de-Especialidades-Oaxaca.png","jetpack_sharing_enabled":true,"_links":{"self":[{"href":"https:\/\/zonaroja.com.mx\/index.php?rest_route=\/wp\/v2\/posts\/10392","targetHints":{"allow":["GET"]}}],"collection":[{"href":"https:\/\/zonaroja.com.mx\/index.php?rest_route=\/wp\/v2\/posts"}],"about":[{"href":"https:\/\/zonaroja.com.mx\/index.php?rest_route=\/wp\/v2\/types\/post"}],"author":[{"embeddable":true,"href":"https:\/\/zonaroja.com.mx\/index.php?rest_route=\/wp\/v2\/users\/2"}],"replies":[{"embeddable":true,"href":"https:\/\/zonaroja.com.mx\/index.php?rest_route=%2Fwp%2Fv2%2Fcomments&post=10392"}],"version-history":[{"count":1,"href":"https:\/\/zonaroja.com.mx\/index.php?rest_route=\/wp\/v2\/posts\/10392\/revisions"}],"predecessor-version":[{"id":10394,"href":"https:\/\/zonaroja.com.mx\/index.php?rest_route=\/wp\/v2\/posts\/10392\/revisions\/10394"}],"wp:featuredmedia":[{"embeddable":true,"href":"https:\/\/zonaroja.com.mx\/index.php?rest_route=\/wp\/v2\/media\/10393"}],"wp:attachment":[{"href":"https:\/\/zonaroja.com.mx\/index.php?rest_route=%2Fwp%2Fv2%2Fmedia&parent=10392"}],"wp:term":[{"taxonomy":"category","embeddable":true,"href":"https:\/\/zonaroja.com.mx\/index.php?rest_route=%2Fwp%2Fv2%2Fcategories&post=10392"},{"taxonomy":"post_tag","embeddable":true,"href":"https:\/\/zonaroja.com.mx\/index.php?rest_route=%2Fwp%2Fv2%2Ftags&post=10392"}],"curies":[{"name":"wp","href":"https:\/\/api.w.org\/{rel}","templated":true}]}}