{"id":10396,"date":"2020-03-28T16:44:10","date_gmt":"2020-03-28T22:44:10","guid":{"rendered":"https:\/\/www.zonaroja.com.mx\/?p=10396"},"modified":"2020-03-28T16:44:47","modified_gmt":"2020-03-28T22:44:47","slug":"otro-incendio-devastas-selva-en-zona-mixe-de-oaxaca-poblacion-pide-ayuda","status":"publish","type":"post","link":"https:\/\/zonaroja.com.mx\/?p=10396","title":{"rendered":"Otro incendio devasta selva en zona Mixe de Oaxaca; poblaci\u00f3n pide ayuda"},"content":{"rendered":"\n<p class=\"MsoNormal\">Yuridiana Sosa\/Zona Roja.<\/p>\n\n\n\n<p class=\"MsoNormal\">Oaxaca de Ju\u00e1rez, Oax., 28 de marzo de 2020.- &nbsp;<a href=\"\/\/1\">Desde la madrugada<\/a>&nbsp;de este s\u00e1bado, autoridades y habitantes de la comunidad de Jaltepec de Candayoc, del municipio de San Juan Cotzoc\u00f3n Mixe, alertaron sobre la propagaci\u00f3n incontrolada un incendio de la reserva natural de la poblaci\u00f3n, en la Sierra Norte.<\/p>\n\n\n\n<p class=\"MsoNormal\">Para sofocar las llamas que por m\u00e1s de 24 horas se han mantenido activas, la comunidad demand\u00f3 la intervenci\u00f3n de la Comisi\u00f3n Estatal Forestal (Coesfo), que a trav\u00e9s de su titular, Aar\u00f3n Ju\u00e1rez, informo que esta ma\u00f1ana una brigada se dirige al lugar; fecha en la que apenas tuvieron conocimiento de la situaci\u00f3n. &nbsp;<\/p>\n\n\n\n<p class=\"MsoNormal\">De acuerdo con el alertamiento que la comunidad lanz\u00f3 en redes sociales, se detall\u00f3 que cerca de<\/p>\n\n\n\n<p class=\"MsoNormal\"><a href=\"\/\/4\">las 5: 00<\/a> horas de este s\u00e1bado se realiz\u00f3 el repique de campanas y se llam\u00f3 en altavoz para solicitar de manera urgente la ayuda de comuneros y j\u00f3venes para controlar el incendio en la selva Ayuuk.<\/p>\n\n\n\n<p class=\"MsoNormal\">Advirtieron que el viento favorece a que el fuego se propague, adem\u00e1s que el calor en la zona comienza a intensificarse; tambi\u00e9n, est\u00e1n en riesgo 50 hect\u00e1reas de cafetales y pastizales. <\/p>\n\n\n\n<p class=\"MsoNormal\">\u201cAlejandro Murat Hinojosa la comunidad no tiene equipo especializado, se requiere apoyo, urgente\u201d, indicaron en su mensaje.<\/p>\n\n\n\n<p class=\"MsoNormal\">Aar\u00f3n Jur\u00e1rez se\u00f1al\u00f3 que de acuerdo con las leyes y normativas, la Coesfo interviene cuando se reporta el siniestro; en esta ocasi\u00f3n tomaron conocimiento este mismo 28 de marzo.<\/p>\n\n\n\n<p class=\"MsoNormal\">Agreg\u00f3 que en medio de la contingencia sanitaria por el Covid-19, la Coesfo mantienen actividades normales, con atenciones las 24 horas.&nbsp;<\/p>\n\n\n\n<p class=\"MsoNormal\">Apenas <a href=\"\/\/7\">este viernes<\/a> se logr\u00f3 controlar el fuego en Santa Mar\u00eda Jaltianguis, en la misma regi\u00f3n de la Sierra Norte, donde resultaron siniestradas m\u00e1s de mil 170 hect\u00e1reas.<\/p>\n","protected":false},"excerpt":{"rendered":"<p>Yuridiana Sosa\/Zona Roja. Oaxaca de Ju\u00e1rez, Oax., 28 de marzo de 2020.- &nbsp;Desde la madrugada&nbsp;de&hellip;<\/p>\n","protected":false},"author":2,"featured_media":10395,"comment_status":"closed","ping_status":"open","sticky":false,"template":"","format":"standard","meta":{"_lmt_disableupdate":"","_lmt_disable":"","_jetpack_memberships_contains_paid_content":false,"footnotes":""},"categories":[109,47],"tags":[1573],"class_list":["post-10396","post","type-post","status-publish","format-standard","has-post-thumbnail","hentry","category-minuto-a-minuto","category-zona-gris","tag-jaltepec-de-candayoc"],"jetpack_featured_media_url":"https:\/\/zonaroja.com.mx\/wp-content\/uploads\/2020\/03\/3d27e52c-28bf-40a4-9bc5-5972b3b72493.jpg","jetpack_sharing_enabled":true,"_links":{"self":[{"href":"https:\/\/zonaroja.com.mx\/index.php?rest_route=\/wp\/v2\/posts\/10396","targetHints":{"allow":["GET"]}}],"collection":[{"href":"https:\/\/zonaroja.com.mx\/index.php?rest_route=\/wp\/v2\/posts"}],"about":[{"href":"https:\/\/zonaroja.com.mx\/index.php?rest_route=\/wp\/v2\/types\/post"}],"author":[{"embeddable":true,"href":"https:\/\/zonaroja.com.mx\/index.php?rest_route=\/wp\/v2\/users\/2"}],"replies":[{"embeddable":true,"href":"https:\/\/zonaroja.com.mx\/index.php?rest_route=%2Fwp%2Fv2%2Fcomments&post=10396"}],"version-history":[{"count":2,"href":"https:\/\/zonaroja.com.mx\/index.php?rest_route=\/wp\/v2\/posts\/10396\/revisions"}],"predecessor-version":[{"id":10398,"href":"https:\/\/zonaroja.com.mx\/index.php?rest_route=\/wp\/v2\/posts\/10396\/revisions\/10398"}],"wp:featuredmedia":[{"embeddable":true,"href":"https:\/\/zonaroja.com.mx\/index.php?rest_route=\/wp\/v2\/media\/10395"}],"wp:attachment":[{"href":"https:\/\/zonaroja.com.mx\/index.php?rest_route=%2Fwp%2Fv2%2Fmedia&parent=10396"}],"wp:term":[{"taxonomy":"category","embeddable":true,"href":"https:\/\/zonaroja.com.mx\/index.php?rest_route=%2Fwp%2Fv2%2Fcategories&post=10396"},{"taxonomy":"post_tag","embeddable":true,"href":"https:\/\/zonaroja.com.mx\/index.php?rest_route=%2Fwp%2Fv2%2Ftags&post=10396"}],"curies":[{"name":"wp","href":"https:\/\/api.w.org\/{rel}","templated":true}]}}