{"id":10405,"date":"2020-03-28T21:29:30","date_gmt":"2020-03-29T03:29:30","guid":{"rendered":"http:\/\/www.zonaroja.com.mx\/?p=10405"},"modified":"2020-03-28T21:29:33","modified_gmt":"2020-03-29T03:29:33","slug":"enciende-alarmas-gobierno-de-mexico-ante-incremento-de-casos-de-covid-19","status":"publish","type":"post","link":"https:\/\/zonaroja.com.mx\/?p=10405","title":{"rendered":"Enciende alarmas gobierno de M\u00e9xico ante incremento de casos de Covid-19"},"content":{"rendered":"\n<p>Redacci\u00f3n\/Zona Roja Cdmx.<\/p>\n\n\n\n<p>Ciudad de M\u00e9xico, 28 de marzo de 2020.-\nEl Presidente Andr\u00e9s Manuel L\u00f3pez Obrador podr\u00eda ser portador del coronavirus,\nal haberse reunido hace poco m\u00e1s de una semana con el gobernador de Hidalgo,\nOmar Fayad, quien hoy revel\u00f3 tener la enfermedad, por lo cual se encuentra en\ncuarentena.<\/p>\n\n\n\n<p>Mientras tanto, el gobierno federal, a\ntrav\u00e9s de la Secretar\u00eda de Salud, mostr\u00f3 su preocupaci\u00f3n ante el inicio de\nincremento de casos y lanz\u00f3 advertencias fuertes:<\/p>\n\n\n\n<p>\u201cRegreso al mensaje enf\u00e1tico, la \u00fanica\nmanera de reducir hoy, hoy, la transmisi\u00f3n, es qued\u00e1ndonos en nuestras casas en\nforma masiva, todas y todos, y durante un periodo estipulado ya de un mes.<\/p>\n\n\n\n<p>\u201cLo deseable es reducir la velocidad de\ntransmisi\u00f3n de este virus; reitero, esto es impostergable, es nuestra \u00faltima\noportunidad de hacerlo y de hacerlo ya; y esto requiere que de manera masiva\nnos restrinjamos y nos quedemos en casa\u2026 qu\u00e9date en casa, qu\u00e9date en casa.<\/p>\n\n\n\n<p>\u201cEsto no significa, como lo hemos\ndicho, que se va a evitar que sigan aumentando los casos. Que quede muy claro,\nseguir\u00e1n aumentando los casos, y va a haber casos muy graves y va a haber\nmuertes; lo que se puede lograr es que se retarde la velocidad de contagios\u201d,\ndijo el subsecretario de Salud, Hugo L\u00f3pez-Gatell.<\/p>\n\n\n\n<p>Y es que durante la conferencia de esta\nnoche, la Secretar\u00eda de Salud inform\u00f3 que hasta este s\u00e1bado, hay 16 decesos, es\ndecir cuatro m\u00e1s de los reportados ayer; 848 casos positivos en el pa\u00eds, 2 mil\n623 permanecen como sospechosos y cuatro mil 341 han sido descartados. Lo\nanterior representa un incremento de 131 casos confirmados en las \u00faltimas 24\nhoras.<\/p>\n\n\n\n<p>EN OAXACA<\/p>\n\n\n\n<p>Por su parte, la dependencia Servicios\nde Salud de Oaxaca, expuso&nbsp; que este\ns\u00e1bado registr\u00f3 un nuevo caso positivo de Covid-19, esto de acuerdo a los\nresultados emitidos por el Laboratorio Estatal de Salud P\u00fablica (LESP) de\nOaxaca, con la validaci\u00f3n del Instituto de Diagn\u00f3stico y Referencia\nEpidemiol\u00f3gicos (Indre).<\/p>\n\n\n\n<p>Detall\u00f3 que se trata de una mujer de 56\na\u00f1os de edad con antecedente de viaje a Canad\u00e1 y Estados Unidos.<\/p>\n\n\n\n<p>La paciente se encuentra en su hogar\nbajo aislamiento y vigilancia epidemiol\u00f3gica por parte del personal de los SSO,\nquienes reportan su estado de salud como estable.<\/p>\n\n\n\n<p>Dijo que Oaxaca registra a la fecha un\ntotal de 111 notificaciones, de las cuales 12 casos son positivos, 37\nsospechosos y 62 negativos. Asimismo, subray\u00f3 que la Secretar\u00eda de Salud en el\nestado, es la \u00fanica dependencia oficial para emitir informaci\u00f3n sobre los\ncasos.<\/p>\n","protected":false},"excerpt":{"rendered":"<p>Redacci\u00f3n\/Zona Roja Cdmx. Ciudad de M\u00e9xico, 28 de marzo de 2020.- El Presidente Andr\u00e9s Manuel&hellip;<\/p>\n","protected":false},"author":2,"featured_media":9508,"comment_status":"closed","ping_status":"open","sticky":false,"template":"","format":"standard","meta":{"_lmt_disableupdate":"","_lmt_disable":"","_jetpack_memberships_contains_paid_content":false,"footnotes":""},"categories":[109,47],"tags":[1512],"class_list":["post-10405","post","type-post","status-publish","format-standard","has-post-thumbnail","hentry","category-minuto-a-minuto","category-zona-gris","tag-coronavirus-oaxaca"],"jetpack_featured_media_url":"https:\/\/zonaroja.com.mx\/wp-content\/uploads\/2020\/03\/Coronavirus-Covid.jpg","jetpack_sharing_enabled":true,"_links":{"self":[{"href":"https:\/\/zonaroja.com.mx\/index.php?rest_route=\/wp\/v2\/posts\/10405","targetHints":{"allow":["GET"]}}],"collection":[{"href":"https:\/\/zonaroja.com.mx\/index.php?rest_route=\/wp\/v2\/posts"}],"about":[{"href":"https:\/\/zonaroja.com.mx\/index.php?rest_route=\/wp\/v2\/types\/post"}],"author":[{"embeddable":true,"href":"https:\/\/zonaroja.com.mx\/index.php?rest_route=\/wp\/v2\/users\/2"}],"replies":[{"embeddable":true,"href":"https:\/\/zonaroja.com.mx\/index.php?rest_route=%2Fwp%2Fv2%2Fcomments&post=10405"}],"version-history":[{"count":1,"href":"https:\/\/zonaroja.com.mx\/index.php?rest_route=\/wp\/v2\/posts\/10405\/revisions"}],"predecessor-version":[{"id":10406,"href":"https:\/\/zonaroja.com.mx\/index.php?rest_route=\/wp\/v2\/posts\/10405\/revisions\/10406"}],"wp:featuredmedia":[{"embeddable":true,"href":"https:\/\/zonaroja.com.mx\/index.php?rest_route=\/wp\/v2\/media\/9508"}],"wp:attachment":[{"href":"https:\/\/zonaroja.com.mx\/index.php?rest_route=%2Fwp%2Fv2%2Fmedia&parent=10405"}],"wp:term":[{"taxonomy":"category","embeddable":true,"href":"https:\/\/zonaroja.com.mx\/index.php?rest_route=%2Fwp%2Fv2%2Fcategories&post=10405"},{"taxonomy":"post_tag","embeddable":true,"href":"https:\/\/zonaroja.com.mx\/index.php?rest_route=%2Fwp%2Fv2%2Ftags&post=10405"}],"curies":[{"name":"wp","href":"https:\/\/api.w.org\/{rel}","templated":true}]}}