{"id":10407,"date":"2020-03-28T21:58:16","date_gmt":"2020-03-29T03:58:16","guid":{"rendered":"http:\/\/www.zonaroja.com.mx\/?p=10407"},"modified":"2020-03-28T21:58:19","modified_gmt":"2020-03-29T03:58:19","slug":"con-todo-y-virus-violencia-sigue-matan-a-joven-en-santiaguito-etla","status":"publish","type":"post","link":"https:\/\/zonaroja.com.mx\/?p=10407","title":{"rendered":"Con todo y virus, violencia sigue; matan a joven en Santiaguito, Etla"},"content":{"rendered":"\n<p>Redacci\u00f3n\/Zona Roja.<\/p>\n\n\n\n<p>Oaxaca de Ju\u00e1rez, Oax., 28 de marzo de\n2020.- Una persona asesinada a balazos en Santiaguito, Etla; un agredido a\nnavajazos en la capital; dos cuerpos putrefactos en la Costa y persecuci\u00f3n policiaca\nen Atzompa, es el saldo preliminar de los hechos violentos de este s\u00e1bado.<\/p>\n\n\n\n<p>En Santiaguito, agencia de San Lorenzo\nCacaotepec, Etla, fue ultimado a balazos un individuo en el interior de su\nveh\u00edculo de motor, en la esquina de las calle Prudencio Ruiz esquina con 5 de\nFebrero.<\/p>\n\n\n\n<p>A bordo de una unidad de un coche marca\nVolkswagen, con placas de circulaci\u00f3n MTF-29-95, del Estado de M\u00e9xico, fue\nhallado el cuerpo de Iv\u00e1n Morales V\u00e1squez, quien fue ultimado a balazos por\nsujetos desconocidos.<\/p>\n\n\n\n<p>Poco despu\u00e9s, en Santa Mar\u00eda Atzompa se\nreport\u00f3 una persecuci\u00f3n policiaca; elementos de la Polic\u00eda Estatal lograron la\ndetenci\u00f3n de dos individuos, acusados de robar en un establecimiento.<\/p>\n\n\n\n<p>Al mediod\u00eda, en la Central de Abasto,\nfue apu\u00f1alado un joven, presuntamente atacado por varios sujetos que viajaban a\nbordo de una camioneta; la v\u00edctima tuvo lesiones menores en la espalda.<\/p>\n\n\n\n<p>Por la ma\u00f1ana, fue localizado un\ncad\u00e1ver en el barrio El Palmar, jurisdicci\u00f3n del municipio de San Pedro\nMixtepec, regi\u00f3n Costa. La v\u00edctima de unos 75 a\u00f1os de edad fue identificada de\nmanera preliminar como Honorato S.<\/p>\n\n\n\n<p>En tanto, en la agencia San Jos\u00e9\nCuajinicuil, Santa Mar\u00eda Huatulco, fue hallado otro cuerpo, en estado de\ndescomposici\u00f3n; a\u00fan no ha sido identificada de manera formal.<\/p>\n","protected":false},"excerpt":{"rendered":"<p>Redacci\u00f3n\/Zona Roja. Oaxaca de Ju\u00e1rez, Oax., 28 de marzo de 2020.- Una persona asesinada a&hellip;<\/p>\n","protected":false},"author":2,"featured_media":10408,"comment_status":"closed","ping_status":"open","sticky":false,"template":"","format":"standard","meta":{"_lmt_disableupdate":"","_lmt_disable":"","_jetpack_memberships_contains_paid_content":false,"footnotes":""},"categories":[109,51],"tags":[1564],"class_list":["post-10407","post","type-post","status-publish","format-standard","has-post-thumbnail","hentry","category-minuto-a-minuto","category-zona-roja","tag-asesinatos-oaxaca"],"jetpack_featured_media_url":"https:\/\/zonaroja.com.mx\/wp-content\/uploads\/2020\/03\/IMG_6041.jpg","jetpack_sharing_enabled":true,"_links":{"self":[{"href":"https:\/\/zonaroja.com.mx\/index.php?rest_route=\/wp\/v2\/posts\/10407","targetHints":{"allow":["GET"]}}],"collection":[{"href":"https:\/\/zonaroja.com.mx\/index.php?rest_route=\/wp\/v2\/posts"}],"about":[{"href":"https:\/\/zonaroja.com.mx\/index.php?rest_route=\/wp\/v2\/types\/post"}],"author":[{"embeddable":true,"href":"https:\/\/zonaroja.com.mx\/index.php?rest_route=\/wp\/v2\/users\/2"}],"replies":[{"embeddable":true,"href":"https:\/\/zonaroja.com.mx\/index.php?rest_route=%2Fwp%2Fv2%2Fcomments&post=10407"}],"version-history":[{"count":1,"href":"https:\/\/zonaroja.com.mx\/index.php?rest_route=\/wp\/v2\/posts\/10407\/revisions"}],"predecessor-version":[{"id":10409,"href":"https:\/\/zonaroja.com.mx\/index.php?rest_route=\/wp\/v2\/posts\/10407\/revisions\/10409"}],"wp:featuredmedia":[{"embeddable":true,"href":"https:\/\/zonaroja.com.mx\/index.php?rest_route=\/wp\/v2\/media\/10408"}],"wp:attachment":[{"href":"https:\/\/zonaroja.com.mx\/index.php?rest_route=%2Fwp%2Fv2%2Fmedia&parent=10407"}],"wp:term":[{"taxonomy":"category","embeddable":true,"href":"https:\/\/zonaroja.com.mx\/index.php?rest_route=%2Fwp%2Fv2%2Fcategories&post=10407"},{"taxonomy":"post_tag","embeddable":true,"href":"https:\/\/zonaroja.com.mx\/index.php?rest_route=%2Fwp%2Fv2%2Ftags&post=10407"}],"curies":[{"name":"wp","href":"https:\/\/api.w.org\/{rel}","templated":true}]}}