{"id":10418,"date":"2020-03-29T10:32:37","date_gmt":"2020-03-29T16:32:37","guid":{"rendered":"http:\/\/www.zonaroja.com.mx\/?p=10418"},"modified":"2020-03-29T13:03:00","modified_gmt":"2020-03-29T19:03:00","slug":"en-oaxaca-iglesia-catolica-aplica-sana-distancia-y-misas-por-facebook","status":"publish","type":"post","link":"https:\/\/zonaroja.com.mx\/?p=10418","title":{"rendered":"En Oaxaca, iglesia cat\u00f3lica aplica \u201csana distancia\u201d y misas por Facebook"},"content":{"rendered":"\n<p>Yuridiana Sosa\/Zona Roja.<\/p>\n\n\n\n<p>Oaxaca de Ju\u00e1rez, Oax., 29 de marzo de\n2020.- Desde hace una semana, en los recintos religiosos de la comunidad\ncat\u00f3lica de Oaxaca, quedaron suspendidas las misas y cualquier otra actividad\nque incluye la concentraci\u00f3n masiva de feligreses, por lo que en distintas\ncapillas los sacerdotes optaron por la transmisi\u00f3n de misas en Facebook live.<\/p>\n\n\n\n<p>Aunque los recintos permanecer\u00e1n\nabiertos, por orden de la Arquidi\u00f3cesis de Antequera Oaxaca y del Episcopado\nMexicano, los p\u00e1rrocos s\u00f3lo llevan a cabo misas en el \u00e1mbito privado para\nevitar con ello la propagaci\u00f3n del virus Covid-19.<\/p>\n\n\n\n<p>\u201cTodas las celebraciones y Semana Santa las podr\u00e1n ver por el Facebook, no asistir\u00e1 la gente al templo por la contingencia Covid-19\u201d, se lee en un anuncio instalado en la capilla del barrio de Trinidad de las Huertas, en la capital del estado.<\/p>\n\n\n\n<figure class=\"wp-block-embed-twitter wp-block-embed is-type-rich is-provider-twitter\"><div class=\"wp-block-embed__wrapper\">\n<div class=\"twitter-tweet\"><blockquote class=\"twitter-tweet\" data-lang=\"es\"><p lang=\"es\" dir=\"ltr\"><a href=\"https:\/\/twitter.com\/hashtag\/Qu%C3%A9dateEnCasa?src=hash&amp;ref_src=twsrc%5Etfw\">#Qu\u00e9dateEnCasa<\/a><br>Templos como el de la Sant\u00edsima Trinidad de las Huertas, ciudad de <a href=\"https:\/\/twitter.com\/hashtag\/Oaxaca?src=hash&amp;ref_src=twsrc%5Etfw\">#Oaxaca<\/a>, transmiten sus misas y sermones v\u00eda internet, al igual que lo hacen en la Catedral metropolitana, a fin de evitar encuentros masivos y expansi\u00f3n del <a href=\"https:\/\/twitter.com\/hashtag\/coronavirus?src=hash&amp;ref_src=twsrc%5Etfw\">#coronavirus<\/a>. <a href=\"https:\/\/t.co\/iEzYs294CZ\">pic.twitter.com\/iEzYs294CZ<\/a><\/p>&mdash; Zona Roja Oaxaca (@MexRoja) <a href=\"https:\/\/twitter.com\/MexRoja\/status\/1244330215356203009?ref_src=twsrc%5Etfw\">29 de marzo de 2020<\/a><\/blockquote><\/div>\n<\/div><\/figure>\n\n\n\n<p>Por esa v\u00eda, invitaron a los feligreses\na seguir las transmisiones de las diferentes misas que continuar\u00e1n a puerta\ncerrada hasta nuevo aviso.<\/p>\n\n\n\n<p>El arzobispo de Antequera Oaxaca,\nMonse\u00f1or Pedro V\u00e1zquez Villalobos, comenz\u00f3 con esta modalidad desde el domingo\npasado, a trav\u00e9s de la p\u00e1gina Arquidi\u00f3cesis de Antequera Oaxaca, se difunden\nlas celebraciones eucar\u00edsticas.<\/p>\n\n\n\n<p>A partir de esa fecha, cada d\u00eda se\nrealiza una misa por motivo de la cuaresma en punto de las 18:00 horas.<\/p>\n\n\n\n<p>As\u00ed tambi\u00e9n, en la Catedral de San Juan\nBautista Tuxtepec, la misa dominical se transmite por internet.<\/p>\n","protected":false},"excerpt":{"rendered":"<p>Yuridiana Sosa\/Zona Roja. Oaxaca de Ju\u00e1rez, Oax., 29 de marzo de 2020.- Desde hace una&hellip;<\/p>\n","protected":false},"author":2,"featured_media":10419,"comment_status":"closed","ping_status":"open","sticky":false,"template":"","format":"standard","meta":{"_lmt_disableupdate":"","_lmt_disable":"","_jetpack_memberships_contains_paid_content":false,"footnotes":""},"categories":[1],"tags":[],"class_list":["post-10418","post","type-post","status-publish","format-standard","has-post-thumbnail","hentry","category-sin-categoria"],"jetpack_featured_media_url":"https:\/\/zonaroja.com.mx\/wp-content\/uploads\/2020\/03\/Iglesia-Barrio-La-Trinidad.png","jetpack_sharing_enabled":true,"_links":{"self":[{"href":"https:\/\/zonaroja.com.mx\/index.php?rest_route=\/wp\/v2\/posts\/10418","targetHints":{"allow":["GET"]}}],"collection":[{"href":"https:\/\/zonaroja.com.mx\/index.php?rest_route=\/wp\/v2\/posts"}],"about":[{"href":"https:\/\/zonaroja.com.mx\/index.php?rest_route=\/wp\/v2\/types\/post"}],"author":[{"embeddable":true,"href":"https:\/\/zonaroja.com.mx\/index.php?rest_route=\/wp\/v2\/users\/2"}],"replies":[{"embeddable":true,"href":"https:\/\/zonaroja.com.mx\/index.php?rest_route=%2Fwp%2Fv2%2Fcomments&post=10418"}],"version-history":[{"count":2,"href":"https:\/\/zonaroja.com.mx\/index.php?rest_route=\/wp\/v2\/posts\/10418\/revisions"}],"predecessor-version":[{"id":10431,"href":"https:\/\/zonaroja.com.mx\/index.php?rest_route=\/wp\/v2\/posts\/10418\/revisions\/10431"}],"wp:featuredmedia":[{"embeddable":true,"href":"https:\/\/zonaroja.com.mx\/index.php?rest_route=\/wp\/v2\/media\/10419"}],"wp:attachment":[{"href":"https:\/\/zonaroja.com.mx\/index.php?rest_route=%2Fwp%2Fv2%2Fmedia&parent=10418"}],"wp:term":[{"taxonomy":"category","embeddable":true,"href":"https:\/\/zonaroja.com.mx\/index.php?rest_route=%2Fwp%2Fv2%2Fcategories&post=10418"},{"taxonomy":"post_tag","embeddable":true,"href":"https:\/\/zonaroja.com.mx\/index.php?rest_route=%2Fwp%2Fv2%2Ftags&post=10418"}],"curies":[{"name":"wp","href":"https:\/\/api.w.org\/{rel}","templated":true}]}}