{"id":10425,"date":"2020-03-29T12:18:47","date_gmt":"2020-03-29T18:18:47","guid":{"rendered":"http:\/\/www.zonaroja.com.mx\/?p=10425"},"modified":"2020-03-29T12:18:50","modified_gmt":"2020-03-29T18:18:50","slug":"solicitan-firmas-para-garantizar-que-pueblos-sean-reconocidos-en-ley-general-de-aguas","status":"publish","type":"post","link":"https:\/\/zonaroja.com.mx\/?p=10425","title":{"rendered":"Solicitan firmas para garantizar que pueblos sean reconocidos en Ley General de Aguas"},"content":{"rendered":"\n<p>Evlin Arag\u00f3n\/Zona Roja.<\/p>\n\n\n\n<p>Oaxaca de Ju\u00e1rez, Oax., 29 de marzo de\n2020.- \u201cNecesitamos asegurar que la pr\u00f3xima Ley General de Aguas se fundamente\nen el respeto por los derechos de los pueblos ind\u00edgenas sobre las aguas en sus\nterritorios, tal como est\u00e1 establecido en las convenciones internacionales y en\nel Art\u00edculo 2 de nuestra Carta Magna\u201d. <\/p>\n\n\n\n<p>Es el mensaje con el que inicia la\npetici\u00f3n de firmas en l\u00ednea promovida por la Coordinadora Nacional Agua para\nTod@s Agua para la Vida, dentro de las que se encuentran la organizaci\u00f3n\noaxaque\u00f1a \u201cFlor y Canto\u201d y que en conjunto exigen respeto por los derechos de\nlos pueblos ind\u00edgenas en las Ley General de Aguas. <\/p>\n\n\n\n<p>El documento en l\u00ednea est\u00e1 dirigido a\nlas y los diputados federales que integran las Comisiones de Recursos\nHidr\u00e1ulicos, Agua Potable y Saneamiento, as\u00ed como la Comisi\u00f3n de Pueblos\nInd\u00edgenas, a quienes se pide cumplir con los convenios internacionales para\nponer fin a las din\u00e1micas violatorias de los derechos de los pueblos sobre las\naguas en sus territorios.<\/p>\n\n\n\n<p>Dentro de las propuestas, se pone de\nmanifiesto que la ley expl\u00edcitamente sea reglamentaria del Art\u00edculo 2 constitucional\nque reconoce y garantiza el derecho de los pueblos y comunidades ind\u00edgenas a la\nlibre determinaci\u00f3n y autonom\u00eda, ello incluye que sean reconocidos como sujetos\ncolectivos de derecho p\u00fablico.<\/p>\n\n\n\n<p>De forma particular, se pide que se\nreconozca&nbsp; el derecho de los pueblos a\nadministrar las aguas en sus territorios como derechos hist\u00f3ricos, sin la\nnecesidad de una concesi\u00f3n y la autodeterminaci\u00f3n sobre sus aguas y sobre sus\nsistemas de agua y riego seg\u00fan sus propios reglamentos, sin la injerencia de\nlos gobiernos federal, de las entidades federativas, ni municipal. <\/p>\n\n\n\n<p>As\u00ed mismo, que los pueblos tengan\nacceso a los espacios de toma de decisi\u00f3n sobre el agua a toda escala; que se\nrespete su derecho a dar su consentimiento o no, de manera previa, libre e\ninformada sobre cualquier acto de autoridad que pudiera afectar las aguas en\nsus territorios; y que tengan acceso directo a recursos p\u00fablicos para sus\nsistemas de agua y de riego. <\/p>\n\n\n\n<p>Todo lo anterior, como parte de las\nreflexiones que se han generado en los diferentes encuentros de comunidades y\npueblos ind\u00edgenas realizados en todo el pa\u00eds y que ya fueron presentadas en los\nforos estatales para la Ley General de Aguas realizados por la Comisi\u00f3n de\nRecursos Hidr\u00e1ulicos. <\/p>\n\n\n\n<p>De igual forma, todas las propuestas se\nhan hecho de conocimiento del Instituto Nacional de los Pueblos Ind\u00edgenas en la\nReuni\u00f3n Nacional que se llev\u00f3 a cabo en el 2019, por lo que esperan que sean\ntomas en cuenta por las y los legisladores del Congreso de la Uni\u00f3n. <\/p>\n\n\n\n<p>La petici\u00f3n de firmas est\u00e1 albergada en\nla plataforma actionnetwork.org especializada en generar estrategias digitales\nde activismo social y puede ser consultada a trav\u00e9s del siguiente link <a href=\"https:\/\/actionnetwork.org\/petitions\/exigimos-respeto-por-los-derechos-de-pueblos-indigenas-sobre-sus-aguas-en-la-lga\">https:\/\/actionnetwork.org\/petitions\/exigimos-respeto-por-los-derechos-de-pueblos-indigenas-sobre-sus-aguas-en-la-lga<\/a><\/p>\n","protected":false},"excerpt":{"rendered":"<p>Evlin Arag\u00f3n\/Zona Roja. Oaxaca de Ju\u00e1rez, Oax., 29 de marzo de 2020.- \u201cNecesitamos asegurar que&hellip;<\/p>\n","protected":false},"author":2,"featured_media":10426,"comment_status":"closed","ping_status":"open","sticky":false,"template":"","format":"standard","meta":{"_lmt_disableupdate":"","_lmt_disable":"","_jetpack_memberships_contains_paid_content":false,"footnotes":""},"categories":[109,47],"tags":[1575],"class_list":["post-10425","post","type-post","status-publish","format-standard","has-post-thumbnail","hentry","category-minuto-a-minuto","category-zona-gris","tag-ley-general-de-aguas"],"jetpack_featured_media_url":"https:\/\/zonaroja.com.mx\/wp-content\/uploads\/2020\/03\/agua-para-todos.jpg","jetpack_sharing_enabled":true,"_links":{"self":[{"href":"https:\/\/zonaroja.com.mx\/index.php?rest_route=\/wp\/v2\/posts\/10425","targetHints":{"allow":["GET"]}}],"collection":[{"href":"https:\/\/zonaroja.com.mx\/index.php?rest_route=\/wp\/v2\/posts"}],"about":[{"href":"https:\/\/zonaroja.com.mx\/index.php?rest_route=\/wp\/v2\/types\/post"}],"author":[{"embeddable":true,"href":"https:\/\/zonaroja.com.mx\/index.php?rest_route=\/wp\/v2\/users\/2"}],"replies":[{"embeddable":true,"href":"https:\/\/zonaroja.com.mx\/index.php?rest_route=%2Fwp%2Fv2%2Fcomments&post=10425"}],"version-history":[{"count":1,"href":"https:\/\/zonaroja.com.mx\/index.php?rest_route=\/wp\/v2\/posts\/10425\/revisions"}],"predecessor-version":[{"id":10427,"href":"https:\/\/zonaroja.com.mx\/index.php?rest_route=\/wp\/v2\/posts\/10425\/revisions\/10427"}],"wp:featuredmedia":[{"embeddable":true,"href":"https:\/\/zonaroja.com.mx\/index.php?rest_route=\/wp\/v2\/media\/10426"}],"wp:attachment":[{"href":"https:\/\/zonaroja.com.mx\/index.php?rest_route=%2Fwp%2Fv2%2Fmedia&parent=10425"}],"wp:term":[{"taxonomy":"category","embeddable":true,"href":"https:\/\/zonaroja.com.mx\/index.php?rest_route=%2Fwp%2Fv2%2Fcategories&post=10425"},{"taxonomy":"post_tag","embeddable":true,"href":"https:\/\/zonaroja.com.mx\/index.php?rest_route=%2Fwp%2Fv2%2Ftags&post=10425"}],"curies":[{"name":"wp","href":"https:\/\/api.w.org\/{rel}","templated":true}]}}