{"id":10428,"date":"2020-03-29T12:57:26","date_gmt":"2020-03-29T18:57:26","guid":{"rendered":"http:\/\/www.zonaroja.com.mx\/?p=10428"},"modified":"2020-03-29T12:57:29","modified_gmt":"2020-03-29T18:57:29","slug":"comision-de-salud-del-congreso-de-oaxaca-en-sesion-permanente-por-covid-19","status":"publish","type":"post","link":"https:\/\/zonaroja.com.mx\/?p=10428","title":{"rendered":"Comisi\u00f3n de Salud del Congreso de Oaxaca, en sesi\u00f3n permanente por Covid-19"},"content":{"rendered":"\n<p>Redacci\u00f3n\/Zona Roja.<\/p>\n\n\n\n<p>&nbsp;Oaxaca\nde Ju\u00e1rez, Oax., 29 de marzo de 2020.- Debido a la contingencia sanitaria por\nel coronavirus (Covid-19), la Comisi\u00f3n Permanente de Salud de la 64 Legislatura\ndel Congreso de Oaxaca, se declar\u00f3 en sesi\u00f3n permanente.<\/p>\n\n\n\n<p>En un comunicado, el presidente de la\nComisi\u00f3n, Emilio Joaqu\u00edn Garc\u00eda Aguilar, explic\u00f3 que esta decisi\u00f3n tiene la\nfinalidad de mantenerse atentos a los requerimientos de la poblaci\u00f3n, y\ncoadyuvar desde el \u00e1mbito legislativo, con las autoridades sanitarias de los\nniveles federal y estatal.<\/p>\n\n\n\n<p>De igual manera, los integrantes tendr\u00e1n\ncomunicaci\u00f3n permanente con el titular de la Secretar\u00eda de Salud de Oaxaca,\npara tener informaci\u00f3n veraz y oportuna sobre la evoluci\u00f3n de la pandemia en la\nentidad, y as\u00ed estar en condiciones de apoyar en cuanto se requiera.<\/p>\n\n\n\n<p>Adem\u00e1s, se encontrar\u00e1n atentos a las\ninquietudes de la poblaci\u00f3n, y de esa manera, fortalecer las actividades\npreventivas que ya se desarrollan por parte de las autoridades\ncorrespondientes.<\/p>\n\n\n\n<p>Ante esta circunstancia, el legislador\nrecomend\u00f3 a la poblaci\u00f3n en general acatar las indicaciones preventivas\noficiales para evitar los contagios masivos, como vigilar los protocolos de\nprevenci\u00f3n y reducci\u00f3n de riesgo de los grupos poblacionales vulnerables. <\/p>\n\n\n\n<p>\u201cSolo aplicando estrictamente las\nmedidas preventivas podemos salir de esta dif\u00edcil situaci\u00f3n, porque estar\nsanos, como habitar en sociedades sanas, es tarea de todos\u201d, finaliz\u00f3 Garc\u00eda\nAguilar.<\/p>\n\n\n\n<p>Los y las diputadas que integran la\nComisi\u00f3n Permanente de Salud, adem\u00e1s de Emilio Garc\u00eda Aguilar, son Migdalia\nEspinosa Manuel, Aleida Tonelly Serrano Rosado, C\u00e9sar Enrique Morales Ni\u00f1o y\nGustavo D\u00edaz S\u00e1nchez.<\/p>\n","protected":false},"excerpt":{"rendered":"<p>Redacci\u00f3n\/Zona Roja. &nbsp;Oaxaca de Ju\u00e1rez, Oax., 29 de marzo de 2020.- Debido a la contingencia&hellip;<\/p>\n","protected":false},"author":2,"featured_media":10429,"comment_status":"closed","ping_status":"open","sticky":false,"template":"","format":"standard","meta":{"_lmt_disableupdate":"","_lmt_disable":"","_jetpack_memberships_contains_paid_content":false,"footnotes":""},"categories":[109,46],"tags":[213],"class_list":["post-10428","post","type-post","status-publish","format-standard","has-post-thumbnail","hentry","category-minuto-a-minuto","category-zona-blanca","tag-64-legislatura-de-oaxaca"],"jetpack_featured_media_url":"https:\/\/zonaroja.com.mx\/wp-content\/uploads\/2020\/03\/FOTO-1.2-Por-el-COVID-19-se-declara-Comisi\u00f3n-de-Salud-del-Congreso-de-Oaxaca-en-sesi\u00f3n-permanente.jpeg","jetpack_sharing_enabled":true,"_links":{"self":[{"href":"https:\/\/zonaroja.com.mx\/index.php?rest_route=\/wp\/v2\/posts\/10428","targetHints":{"allow":["GET"]}}],"collection":[{"href":"https:\/\/zonaroja.com.mx\/index.php?rest_route=\/wp\/v2\/posts"}],"about":[{"href":"https:\/\/zonaroja.com.mx\/index.php?rest_route=\/wp\/v2\/types\/post"}],"author":[{"embeddable":true,"href":"https:\/\/zonaroja.com.mx\/index.php?rest_route=\/wp\/v2\/users\/2"}],"replies":[{"embeddable":true,"href":"https:\/\/zonaroja.com.mx\/index.php?rest_route=%2Fwp%2Fv2%2Fcomments&post=10428"}],"version-history":[{"count":1,"href":"https:\/\/zonaroja.com.mx\/index.php?rest_route=\/wp\/v2\/posts\/10428\/revisions"}],"predecessor-version":[{"id":10430,"href":"https:\/\/zonaroja.com.mx\/index.php?rest_route=\/wp\/v2\/posts\/10428\/revisions\/10430"}],"wp:featuredmedia":[{"embeddable":true,"href":"https:\/\/zonaroja.com.mx\/index.php?rest_route=\/wp\/v2\/media\/10429"}],"wp:attachment":[{"href":"https:\/\/zonaroja.com.mx\/index.php?rest_route=%2Fwp%2Fv2%2Fmedia&parent=10428"}],"wp:term":[{"taxonomy":"category","embeddable":true,"href":"https:\/\/zonaroja.com.mx\/index.php?rest_route=%2Fwp%2Fv2%2Fcategories&post=10428"},{"taxonomy":"post_tag","embeddable":true,"href":"https:\/\/zonaroja.com.mx\/index.php?rest_route=%2Fwp%2Fv2%2Ftags&post=10428"}],"curies":[{"name":"wp","href":"https:\/\/api.w.org\/{rel}","templated":true}]}}