{"id":10433,"date":"2020-03-29T17:18:13","date_gmt":"2020-03-29T23:18:13","guid":{"rendered":"https:\/\/www.zonaroja.com.mx\/?p=10433"},"modified":"2020-03-29T17:18:16","modified_gmt":"2020-03-29T23:18:16","slug":"tras-detencion-de-comandante-asume-la-sspo-coordinacion-de-policias-de-loma-bonita","status":"publish","type":"post","link":"https:\/\/zonaroja.com.mx\/?p=10433","title":{"rendered":"Tras detenci\u00f3n de comandante, asume la SSPO coordinaci\u00f3n de polic\u00edas de Loma Bonita"},"content":{"rendered":"\n<p>Redacci\u00f3n\/Zona Roja.&nbsp;<\/p>\n\n\n\n<p>Oaxaca de Ju\u00e1rez, Oax. 29 de marzo de 2020.- Luego de la aprehensi\u00f3n de al menos 10 personas, entre ellas presuntos \u201cnarcos\u201d y el jefe policiaco de Loma Bonita, la Secretar\u00eda de Seguridad P\u00fablica de Oaxaca (SSPO) asumi\u00f3 el mando de la corporaci\u00f3n policial y vial.<\/p>\n\n\n\n<p>Lo anterior como parte de los resultados y acuerdos de la reuni\u00f3n de coordinaci\u00f3n interestatal para la construcci\u00f3n de la paz y seguridad de los estados de Oaxaca y Veracruz, inform\u00f3 la dependencia en un comunicado.<\/p>\n\n\n\n<p>Record\u00f3 los operativos coordinados con instituciones militares federales y estatales de la semana pasada, que derivaran en la detenci\u00f3n de 10 personas, entre ellas, el entonces director de la Polic\u00eda Municipal de esta demarcaci\u00f3n, J. F. G. P., por la presunta comisi\u00f3n de diversos delitos.&nbsp;<\/p>\n\n\n\n<p>El titular de la SSPO, Ernesto Salcedo Rosales inform\u00f3 que tras dichos operativos y, con el objetivo de garantizar la paz y coordinaci\u00f3n con las fuerzas de seguridad y procuraci\u00f3n de justicia en este municipio, se design\u00f3 a un comandante de la Polic\u00eda Estatal Preventiva en funciones de director; adem\u00e1s, se reinstal\u00f3 la comandancia de la Polic\u00eda Estatal Preventiva y Vial Estatal.<\/p>\n\n\n\n<p>La SSPO -dijo- reconoce la coordinaci\u00f3n de todos los \u00f3rganos de seguridad del Estado; as\u00ed como, la colaboraci\u00f3n de la Guardia Nacional (GN), la Secretar\u00eda de la Defensa Nacional (Sedena) y la Fiscal\u00eda General de la Rep\u00fablica (FGR) para mantener una estrategia de justicia integral en la regi\u00f3n de la Cuenca del Papaloapan.&nbsp;<\/p>\n\n\n\n<p>En este sentido, la instituci\u00f3n reiter\u00f3 su compromiso con la sociedad oaxaque\u00f1a de fortalecer a las corporaciones policiales y con ello, la seguridad de oaxaque\u00f1as y oaxaque\u00f1os.<\/p>\n","protected":false},"excerpt":{"rendered":"<p>Redacci\u00f3n\/Zona Roja.&nbsp; Oaxaca de Ju\u00e1rez, Oax. 29 de marzo de 2020.- Luego de la aprehensi\u00f3n&hellip;<\/p>\n","protected":false},"author":2,"featured_media":10432,"comment_status":"closed","ping_status":"open","sticky":false,"template":"","format":"standard","meta":{"_lmt_disableupdate":"","_lmt_disable":"","_jetpack_memberships_contains_paid_content":false,"footnotes":""},"categories":[109,47],"tags":[188],"class_list":["post-10433","post","type-post","status-publish","format-standard","has-post-thumbnail","hentry","category-minuto-a-minuto","category-zona-gris","tag-loma-bonita"],"jetpack_featured_media_url":"https:\/\/zonaroja.com.mx\/wp-content\/uploads\/2020\/03\/187cfe03-741e-4ea4-8ff6-461365b02dd5.jpg","jetpack_sharing_enabled":true,"_links":{"self":[{"href":"https:\/\/zonaroja.com.mx\/index.php?rest_route=\/wp\/v2\/posts\/10433","targetHints":{"allow":["GET"]}}],"collection":[{"href":"https:\/\/zonaroja.com.mx\/index.php?rest_route=\/wp\/v2\/posts"}],"about":[{"href":"https:\/\/zonaroja.com.mx\/index.php?rest_route=\/wp\/v2\/types\/post"}],"author":[{"embeddable":true,"href":"https:\/\/zonaroja.com.mx\/index.php?rest_route=\/wp\/v2\/users\/2"}],"replies":[{"embeddable":true,"href":"https:\/\/zonaroja.com.mx\/index.php?rest_route=%2Fwp%2Fv2%2Fcomments&post=10433"}],"version-history":[{"count":1,"href":"https:\/\/zonaroja.com.mx\/index.php?rest_route=\/wp\/v2\/posts\/10433\/revisions"}],"predecessor-version":[{"id":10434,"href":"https:\/\/zonaroja.com.mx\/index.php?rest_route=\/wp\/v2\/posts\/10433\/revisions\/10434"}],"wp:featuredmedia":[{"embeddable":true,"href":"https:\/\/zonaroja.com.mx\/index.php?rest_route=\/wp\/v2\/media\/10432"}],"wp:attachment":[{"href":"https:\/\/zonaroja.com.mx\/index.php?rest_route=%2Fwp%2Fv2%2Fmedia&parent=10433"}],"wp:term":[{"taxonomy":"category","embeddable":true,"href":"https:\/\/zonaroja.com.mx\/index.php?rest_route=%2Fwp%2Fv2%2Fcategories&post=10433"},{"taxonomy":"post_tag","embeddable":true,"href":"https:\/\/zonaroja.com.mx\/index.php?rest_route=%2Fwp%2Fv2%2Ftags&post=10433"}],"curies":[{"name":"wp","href":"https:\/\/api.w.org\/{rel}","templated":true}]}}