{"id":10435,"date":"2020-03-29T18:37:04","date_gmt":"2020-03-30T00:37:04","guid":{"rendered":"http:\/\/www.zonaroja.com.mx\/?p=10435"},"modified":"2020-03-29T18:37:08","modified_gmt":"2020-03-30T00:37:08","slug":"caso-ivanna-denuncian-actos-de-corrupcion-en-instancias-de-justicia","status":"publish","type":"post","link":"https:\/\/zonaroja.com.mx\/?p=10435","title":{"rendered":"Caso Ivanna: denuncian actos de corrupci\u00f3n en instancias de justicia"},"content":{"rendered":"\n<p>Redacci\u00f3n\/AM\/PM&nbsp; <\/p>\n\n\n\n<p>Oaxaca de Ju\u00e1rez, Oax., 29 de marzo de 2020.- Por probables actos de corrupci\u00f3n e ineptitud en el desempe\u00f1o de sus funciones, un ministerio p\u00fablico y un juez fueron denunciados ante la Fiscal\u00eda Anticorrupci\u00f3n por un familiar y su representante legal de Ivanna Mingo, joven fallecida tras un accidente automovil\u00edstico cuando se hac\u00eda acompa\u00f1ar de Alfredo Delgado Cervantes, exl\u00edder juvenil del PRI en Oaxaca.<\/p>\n\n\n\n<p>Silvia L\u00f3pez Ramos, v\u00edctima indirecta,\ndentro de la causa penal 843\/2019, fue quien compareci\u00f3 ante la autoridad\nAnticorrupci\u00f3n para denunciar a Alejandro Pacheco Concha, juez de control del\ncircuito Judicial de Valles Centrales, Oaxaca, Sede Tanivet.<\/p>\n\n\n\n<p>Asimismo, solicit\u00f3 tanto al Servicio de\nAdministraci\u00f3n Tributaria (SAT) y a la Unidad de Inteligencia Financiera (UIF),\nse le investigue en sus finanzas personales, respecto a sus ingresos y egresos\nlegales, para poder verificar si ambos corresponden a la realidad legal y\nverificar si no gasta m\u00e1s de lo que legalmente gana.<\/p>\n\n\n\n<p>Ante esta situaci\u00f3n solicita se excuse\ninmediatamente de conocer del juicio que se lleva contra Alfredo Delgado\nCervantes.<\/p>\n\n\n\n<p>La misma situaci\u00f3n ocurre con Suzzete\nSoto Pinacho, juez; Vicente Garc\u00eda Baltazar, agente del ministerio p\u00fablico\nadscrito a la Vicefiscal\u00eda General Zona Centro de la Fiscal\u00eda General del\nEstado de Oaxaca (FGEO) y con la Ministerio P\u00fablico, Roxana Reyes V\u00e1squez,\nquienes dejan mucho que decir de la persecuci\u00f3n de los delitos y la procuraci\u00f3n\nde justicia.<\/p>\n\n\n\n<p>En su denuncia, Silvia L\u00f3pez Ramos detall\u00f3 que el 21 de octubre de 2018, a las 02:50 horas aproximadamente, su hija Silvia Ivanna perdi\u00f3 la vida en un accidente automovil\u00edstico en la calle de Las Etnias, en el sector de la colonia Reforma, al norte de la ciudad de Oaxaca, inici\u00e1ndose al respecto la carpeta de investigaci\u00f3n 10472\/OAXACA\/2018, teniendo como imputados a Alfredo Delgado Cervantes y a Rebeca Leticia Cervantes Navarro, exdelegada estatal de la Procuradur\u00eda Federal del Consumidor (Profeco).<\/p>\n\n\n\n<p>Primeramente, se inici\u00f3 la carpeta de\ninvestigaci\u00f3n por el delito de homicidio culposo en contra de Alfredo,\nneg\u00e1ndose posteriormente la Fiscal\u00eda del Estado a ejercitar acci\u00f3n penal contra\nel mismo por el delito de abandono de persona por deber de cuidado,\ndestrucci\u00f3n, alteraci\u00f3n y desaparici\u00f3n de evidencias y ocultamiento de cad\u00e1ver.<\/p>\n\n\n\n<p>As\u00ed tambi\u00e9n, se neg\u00f3 a proceder\npenalmente en contra de Rebeca Leticia Cervantes por el delito de destrucci\u00f3n,\nalteraci\u00f3n y desaparici\u00f3n de evidencias.<\/p>\n\n\n\n<p>Ante tanta insistencia y peregrinar, se\nha logrado que se finquen responsabilidades contra Alfredo por el delito de\ndestrucci\u00f3n, alteraci\u00f3n y desaparici\u00f3n de evidencias, pero no as\u00ed contra Rebeca\nLeticia.<\/p>\n\n\n\n<p>De acuerdo con la denunciante, seguir\u00e1\nluchando contra esta negatividad, incluso ante los tribunales federales\nconstitucionales para que sea procesada a pesar de la resistencia del Estado\npara hacerlo.<\/p>\n\n\n\n<p>Denunci\u00f3 tambi\u00e9n que en la diligencia\nde levantamiento de cad\u00e1ver, Israel Juvenal V\u00e1squez G\u00f3mez, Agente Estatal de\nInvestigaciones, realiz\u00f3 la diligencia respectiva sin el apoyo de peritos e\nincluso, menciona en la diligencia que por \u00f3rdenes de la agente del ministerio\np\u00fablico, Fluvia Roc\u00edo Hern\u00e1ndez Cruz, dicho levantamiento de cad\u00e1ver se ten\u00eda\nque realizar sin asistencia de peritos, imponer raz\u00f3n de ello y contraviniendo\na todo principio legal y procesal, tanto quien ordena como quien ejecuta dicha\norden.<\/p>\n\n\n\n<p>La denuncia en contra de la juez,\nSuzzete Soto Pinacho, se basa en la audiencia de comunicaci\u00f3n de imputaci\u00f3n que\nse llev\u00f3 a cabo y en la cual se dio a conocer a Alfredo Delgado la imputaci\u00f3n\nque existe en su contra por el delito culposo de homicidio y el delito de\nabandono de persona.<\/p>\n\n\n\n<p>Durante esta audiencia, la juez soslay\u00f3\nel hecho de que el ministerio p\u00fablico y el asesor legal se mostraron\nincompetentes e iletrados en la materia, sin que se apercibiera a dichas\npersonas ministerio p\u00fablico y asesor de la v\u00edctima y sin que mandara a llamar\nal defensor de oficio ante la incapacidad de quienes los asistieron, lo cual\nresulta un grado de corrupci\u00f3n o de ignorancia o desconocimiento de la material\npenal por parte de la juez de control.<\/p>\n\n\n\n<p>Otras anomal\u00edas se\u00f1aladas ocurrieron\ncuando Alfredo Cervantes no compareci\u00f3 ante el juez para la audiencia de\ncomunicaci\u00f3n del delito de destrucci\u00f3n, alteraci\u00f3n y destrucci\u00f3n de evidencias,\npretextando que se encontraba enfermo.<\/p>\n\n\n\n<p>La denunciante hizo ver las anomal\u00edas respecto\na un justificante como el certificado m\u00e9dico que exhibi\u00f3 el imputado.<\/p>\n\n\n\n<p>Acus\u00f3 que tanto el Ministerio P\u00fablico\ncomo el juez soslayaron los argumentos y a la Ley General de Salud, aduciendo\nque la suscrita no es perito m\u00e9dico y no quisieron ahondar en el tema, lo cual\nevidencia que ambos funcionarios est\u00e1n coludidos con el imputado y su defensa\nen actos de corrupci\u00f3n o que ambos funcionarios son ineptos y por dem\u00e1s\nignorantes del derecho.<\/p>\n\n\n\n<p>\u201cNo pasa desapercibido que el hecho\npara la suscrita que dicho imputado es pol\u00edtico y persona cerna a los c\u00edrculos\ndel poder Ejecutivo y Legislativo del estado de Oaxaca, pues se ha desempe\u00f1ado\ncomo Presidente del Comit\u00e9 Directivo del Frente Juvenil Revolucionario del\nPartido Revolucionario Institucional Estatal, mismo que postul\u00f3 al Gobernador\nactual, quien adem\u00e1s era diputado plurinominal electo hasta que por resoluci\u00f3n\njudicial del Tribunal Federal Electoral, Sala Jalapa, dej\u00f3 de ser, por lo que\nexiste la tercera hip\u00f3tesis de tr\u00e1fico de influencias.<\/p>\n","protected":false},"excerpt":{"rendered":"<p>Redacci\u00f3n\/AM\/PM&nbsp; Oaxaca de Ju\u00e1rez, Oax., 29 de marzo de 2020.- Por probables actos de corrupci\u00f3n&hellip;<\/p>\n","protected":false},"author":2,"featured_media":10436,"comment_status":"closed","ping_status":"open","sticky":false,"template":"","format":"standard","meta":{"_lmt_disableupdate":"","_lmt_disable":"","_jetpack_memberships_contains_paid_content":false,"footnotes":""},"categories":[109,47],"tags":[1490],"class_list":["post-10435","post","type-post","status-publish","format-standard","has-post-thumbnail","hentry","category-minuto-a-minuto","category-zona-gris","tag-caso-ivanna-mingo-impune"],"jetpack_featured_media_url":"https:\/\/zonaroja.com.mx\/wp-content\/uploads\/2020\/03\/Caso-Ivana-M.png","jetpack_sharing_enabled":true,"_links":{"self":[{"href":"https:\/\/zonaroja.com.mx\/index.php?rest_route=\/wp\/v2\/posts\/10435","targetHints":{"allow":["GET"]}}],"collection":[{"href":"https:\/\/zonaroja.com.mx\/index.php?rest_route=\/wp\/v2\/posts"}],"about":[{"href":"https:\/\/zonaroja.com.mx\/index.php?rest_route=\/wp\/v2\/types\/post"}],"author":[{"embeddable":true,"href":"https:\/\/zonaroja.com.mx\/index.php?rest_route=\/wp\/v2\/users\/2"}],"replies":[{"embeddable":true,"href":"https:\/\/zonaroja.com.mx\/index.php?rest_route=%2Fwp%2Fv2%2Fcomments&post=10435"}],"version-history":[{"count":1,"href":"https:\/\/zonaroja.com.mx\/index.php?rest_route=\/wp\/v2\/posts\/10435\/revisions"}],"predecessor-version":[{"id":10437,"href":"https:\/\/zonaroja.com.mx\/index.php?rest_route=\/wp\/v2\/posts\/10435\/revisions\/10437"}],"wp:featuredmedia":[{"embeddable":true,"href":"https:\/\/zonaroja.com.mx\/index.php?rest_route=\/wp\/v2\/media\/10436"}],"wp:attachment":[{"href":"https:\/\/zonaroja.com.mx\/index.php?rest_route=%2Fwp%2Fv2%2Fmedia&parent=10435"}],"wp:term":[{"taxonomy":"category","embeddable":true,"href":"https:\/\/zonaroja.com.mx\/index.php?rest_route=%2Fwp%2Fv2%2Fcategories&post=10435"},{"taxonomy":"post_tag","embeddable":true,"href":"https:\/\/zonaroja.com.mx\/index.php?rest_route=%2Fwp%2Fv2%2Ftags&post=10435"}],"curies":[{"name":"wp","href":"https:\/\/api.w.org\/{rel}","templated":true}]}}