{"id":10445,"date":"2020-03-29T21:39:54","date_gmt":"2020-03-30T03:39:54","guid":{"rendered":"http:\/\/www.zonaroja.com.mx\/?p=10445"},"modified":"2020-03-29T21:40:11","modified_gmt":"2020-03-30T03:40:11","slug":"balean-a-funcionario-de-ciudad-ixtepec-y-dirigente-regional-de-catem","status":"publish","type":"post","link":"https:\/\/zonaroja.com.mx\/?p=10445","title":{"rendered":"Balean a funcionario de Ciudad Ixtepec y dirigente regional de CATEM"},"content":{"rendered":"\n<p>Ismael Garc\u00eda M.\/Zona Roja.<\/p>\n\n\n\n<p>Oaxaca de Ju\u00e1rez, Oax., 29 de marzo de\n2020.- Sujetos armados emboscaron e intentaron asesinar la tarde de este\ndomingo a Fernando Luis Villalobos, regidor de Obras del ayuntamiento de Ciudad\nIxtepec, municipio de la regi\u00f3n del Istmo de Tehuantepec.<\/p>\n\n\n\n<p>La v\u00edctima, que fue trasladada a un\nhospital, es tambi\u00e9n dirigente regional de transportistas afiliados a la Confederaci\u00f3n\nAut\u00f3noma de Trabajadores y Empleados de M\u00e9xico (CATEM).<\/p>\n\n\n\n<p>El atentado ocurri\u00f3 poco despu\u00e9s de las\n13:00 horas en el interior de un bar denominado \u201cEl Carrusel\u201d, por lo cual fue\ntrasladado en su camioneta a una cl\u00ednica particular y posteriormente al\nhospital de dicho municipio.<\/p>\n\n\n\n<p>El regidor presenta tres impactos de\nbala uno en un brazo y los otros dos en la pierna y a\u00fan se desconoce qui\u00e9n o\nqui\u00e9nes intentaron asesinarlo.<\/p>\n\n\n\n<p>Otra versi\u00f3n se\u00f1ala que Luis Villalobos\nfue atacado a balazos cuando se trasladaba a bordo de una camioneta marca\nChrysler, tipo Aspen Limited, color negra, con placas YGK-7707, del estado de\nVeracruz.<\/p>\n\n\n\n<p>Hasta el momento, la Fiscal\u00eda General\ndel Estado de Oaxaca no ha emitido informaci\u00f3n al respecto.<\/p>\n\n\n\n<p>Por otra parte, en Santo Domingo\nTehuantepec, este domingo se report\u00f3 el asalto a una tienda Oxxo, ubicada en la\navenida principal del fraccionamiento La Noria.<\/p>\n\n\n\n<p>Fueron al menos tres sujetos armados\nlos que ingresaron al establecimiento, amagaron a los empleados y exigieron el\ndinero de la cuenta del d\u00eda, adem\u00e1s de apoderarse de varios art\u00edculos, tras lo\ncual huyeron.<\/p>\n","protected":false},"excerpt":{"rendered":"<p>Ismael Garc\u00eda M.\/Zona Roja. Oaxaca de Ju\u00e1rez, Oax., 29 de marzo de 2020.- Sujetos armados&hellip;<\/p>\n","protected":false},"author":2,"featured_media":1544,"comment_status":"closed","ping_status":"open","sticky":false,"template":"","format":"standard","meta":{"_lmt_disableupdate":"","_lmt_disable":"","_jetpack_memberships_contains_paid_content":false,"footnotes":""},"categories":[109,51],"tags":[703],"class_list":["post-10445","post","type-post","status-publish","format-standard","has-post-thumbnail","hentry","category-minuto-a-minuto","category-zona-roja","tag-ciudad-ixtepec"],"jetpack_featured_media_url":"https:\/\/zonaroja.com.mx\/wp-content\/uploads\/2019\/06\/Oaxaca-violencia.jpg","jetpack_sharing_enabled":true,"_links":{"self":[{"href":"https:\/\/zonaroja.com.mx\/index.php?rest_route=\/wp\/v2\/posts\/10445","targetHints":{"allow":["GET"]}}],"collection":[{"href":"https:\/\/zonaroja.com.mx\/index.php?rest_route=\/wp\/v2\/posts"}],"about":[{"href":"https:\/\/zonaroja.com.mx\/index.php?rest_route=\/wp\/v2\/types\/post"}],"author":[{"embeddable":true,"href":"https:\/\/zonaroja.com.mx\/index.php?rest_route=\/wp\/v2\/users\/2"}],"replies":[{"embeddable":true,"href":"https:\/\/zonaroja.com.mx\/index.php?rest_route=%2Fwp%2Fv2%2Fcomments&post=10445"}],"version-history":[{"count":1,"href":"https:\/\/zonaroja.com.mx\/index.php?rest_route=\/wp\/v2\/posts\/10445\/revisions"}],"predecessor-version":[{"id":10446,"href":"https:\/\/zonaroja.com.mx\/index.php?rest_route=\/wp\/v2\/posts\/10445\/revisions\/10446"}],"wp:featuredmedia":[{"embeddable":true,"href":"https:\/\/zonaroja.com.mx\/index.php?rest_route=\/wp\/v2\/media\/1544"}],"wp:attachment":[{"href":"https:\/\/zonaroja.com.mx\/index.php?rest_route=%2Fwp%2Fv2%2Fmedia&parent=10445"}],"wp:term":[{"taxonomy":"category","embeddable":true,"href":"https:\/\/zonaroja.com.mx\/index.php?rest_route=%2Fwp%2Fv2%2Fcategories&post=10445"},{"taxonomy":"post_tag","embeddable":true,"href":"https:\/\/zonaroja.com.mx\/index.php?rest_route=%2Fwp%2Fv2%2Ftags&post=10445"}],"curies":[{"name":"wp","href":"https:\/\/api.w.org\/{rel}","templated":true}]}}