{"id":10461,"date":"2020-03-30T11:32:53","date_gmt":"2020-03-30T17:32:53","guid":{"rendered":"http:\/\/www.zonaroja.com.mx\/?p=10461"},"modified":"2020-03-30T11:34:15","modified_gmt":"2020-03-30T17:34:15","slug":"por-coronavirus-tambien-cierran-puertos-de-huatulco-y-puerto-escondido","status":"publish","type":"post","link":"https:\/\/zonaroja.com.mx\/?p=10461","title":{"rendered":"Por coronavirus, tambi\u00e9n cierran puertos de Huatulco y Puerto Escondido"},"content":{"rendered":"\n<p>Evlin Arag\u00f3n\/Zona Roja.<\/p>\n\n\n\n<p>Oaxaca de Ju\u00e1rez, Oax., 30 de marzo de\n2020.- A partir de este domingo por la tarde, las zonas portuarias de Huatulco\ny Puerto Escondido fueron cerrados a la navegaci\u00f3n de embarcaciones tur\u00edsticas\ny de recreo particular.<\/p>\n\n\n\n<p>Ello debido a la contingencia por el\nCovid-19 y a la instrucci\u00f3n que se diera este fin de semana de \u201cquedarse en\ncasa\u201d por parte de la Secretar\u00eda de Salud del gobierno federal.<\/p>\n\n\n\n<p>As\u00ed se inform\u00f3 a trav\u00e9s de un oficio por\nparte de las capitan\u00edas de los puertos adscritas a la Secretar\u00eda de Marina,\nquienes hacen de conocimiento la disposici\u00f3n a todas y todos los permisionarios\ny propietarios de embarcaciones de turismo n\u00e1utico y de recreo particular en la\nregi\u00f3n de la Costa oaxaque\u00f1a.<\/p>\n\n\n\n<p>Lo anterior como parte de las acciones\nimplementadas en torno al acuerdo publicado en el Diario de la Federaci\u00f3n\nemitido por la Secretar\u00eda de Salud el pasado 24 de marzo, con la intenci\u00f3n de\nmitigar y controlar los riesgos a la salud que implica el Covid-19,\nparticularmente en esta semana denominada crucial por las autoridades.<\/p>\n\n\n\n<p>\u201cLa administraci\u00f3n p\u00fablica federal y las\norganizaciones de los sectores sociales y privado, como medida preventiva\ndeber\u00e1n suspender temporalmente las actividades de los sectores p\u00fablico, social\ny privado, que involucren la concentraci\u00f3n f\u00edsica, tr\u00e1nsito o desplazamiento de\npersonas a partir de la entrada en vigor de este\u201d, refiere el acuerdo.<\/p>\n\n\n\n<p>Por ello se determin\u00f3 el cierre de los\npuertos con lo cual quedan sin efecto los despachos y salidas autorizadas para\neste mes de marzo de todas las embarcaciones que prestan servicios de turismo\nn\u00e1utico a terceros.<\/p>\n\n\n\n<p>Seg\u00fan el oficio, la instrucci\u00f3n es hasta\nnuevo aviso y afecta de forma particular a las embarcaciones originarias de la\nzona que prestan servicios tur\u00edsticos y obtienen de estos los recursos\nnecesarios para mantener a sus familias y la econom\u00eda de la localidad.<\/p>\n\n\n\n<p>El pasado s\u00e1bado las autoridades\nfederales en materia de salud, encabezadas por el subsecretario de Prevenci\u00f3n y\nPromoci\u00f3n de la Salud, Hugo L\u00f3pez-Gatell Ram\u00edrez, hicieron un llamado a la\npoblaci\u00f3n mexicana para aprovechar la \u00faltima oportunidad de evitar la\npropagaci\u00f3n masiva del virus por lo que se exhort\u00f3 a quedarse en casa y cumplir\nde forma responsable con la cuarentena implantada.<\/p>\n","protected":false},"excerpt":{"rendered":"<p>Evlin Arag\u00f3n\/Zona Roja. Oaxaca de Ju\u00e1rez, Oax., 30 de marzo de 2020.- A partir de&hellip;<\/p>\n","protected":false},"author":2,"featured_media":10462,"comment_status":"closed","ping_status":"open","sticky":false,"template":"","format":"standard","meta":{"_lmt_disableupdate":"","_lmt_disable":"","_jetpack_memberships_contains_paid_content":false,"footnotes":""},"categories":[109,47],"tags":[1512],"class_list":["post-10461","post","type-post","status-publish","format-standard","has-post-thumbnail","hentry","category-minuto-a-minuto","category-zona-gris","tag-coronavirus-oaxaca"],"jetpack_featured_media_url":"https:\/\/zonaroja.com.mx\/wp-content\/uploads\/2020\/03\/Puerto-Santa-Cruz-Huatulco.jpg","jetpack_sharing_enabled":true,"_links":{"self":[{"href":"https:\/\/zonaroja.com.mx\/index.php?rest_route=\/wp\/v2\/posts\/10461","targetHints":{"allow":["GET"]}}],"collection":[{"href":"https:\/\/zonaroja.com.mx\/index.php?rest_route=\/wp\/v2\/posts"}],"about":[{"href":"https:\/\/zonaroja.com.mx\/index.php?rest_route=\/wp\/v2\/types\/post"}],"author":[{"embeddable":true,"href":"https:\/\/zonaroja.com.mx\/index.php?rest_route=\/wp\/v2\/users\/2"}],"replies":[{"embeddable":true,"href":"https:\/\/zonaroja.com.mx\/index.php?rest_route=%2Fwp%2Fv2%2Fcomments&post=10461"}],"version-history":[{"count":2,"href":"https:\/\/zonaroja.com.mx\/index.php?rest_route=\/wp\/v2\/posts\/10461\/revisions"}],"predecessor-version":[{"id":10464,"href":"https:\/\/zonaroja.com.mx\/index.php?rest_route=\/wp\/v2\/posts\/10461\/revisions\/10464"}],"wp:featuredmedia":[{"embeddable":true,"href":"https:\/\/zonaroja.com.mx\/index.php?rest_route=\/wp\/v2\/media\/10462"}],"wp:attachment":[{"href":"https:\/\/zonaroja.com.mx\/index.php?rest_route=%2Fwp%2Fv2%2Fmedia&parent=10461"}],"wp:term":[{"taxonomy":"category","embeddable":true,"href":"https:\/\/zonaroja.com.mx\/index.php?rest_route=%2Fwp%2Fv2%2Fcategories&post=10461"},{"taxonomy":"post_tag","embeddable":true,"href":"https:\/\/zonaroja.com.mx\/index.php?rest_route=%2Fwp%2Fv2%2Ftags&post=10461"}],"curies":[{"name":"wp","href":"https:\/\/api.w.org\/{rel}","templated":true}]}}