{"id":10468,"date":"2020-03-30T13:56:08","date_gmt":"2020-03-30T19:56:08","guid":{"rendered":"https:\/\/www.zonaroja.com.mx\/?p=10468"},"modified":"2020-03-30T13:56:10","modified_gmt":"2020-03-30T19:56:10","slug":"hospitalizado-en-tuxtepec-por-caso-sospechoso-de-covid-19","status":"publish","type":"post","link":"https:\/\/zonaroja.com.mx\/?p=10468","title":{"rendered":"Hospitalizado en Tuxtepec, por caso sospechoso de Covid-19"},"content":{"rendered":"\n<p class=\"MsoNormal\">Yuridiana Sosa\/Zona Roja.&nbsp;<\/p>\n\n\n\n<p class=\"MsoNormal\">San Juan Bautista Tuxtepec, Oax., 30 de marzo de 2020.- La dependencia Servicios de Salud de Oaxaca en la regi\u00f3n de la Cuenca, inform\u00f3 que una&nbsp;<a href=\"\/\/1\">de las tres<\/a>&nbsp;personas sospechosa hasta&nbsp;<a href=\"\/\/2\">este lunes<\/a>&nbsp;de ser portadora de Covid-19, se encuentra hospitalizada y en aislamiento, en tanto no se confirme o descarte su estado de salud respecto a si es portador o no del coronavirus.<\/p>\n\n\n\n<p class=\"MsoNormal\">Con reserva del nosocomio que atiende el caso, el jefe de la Jurisdicci\u00f3n Sanitaria n\u00famero 03 de la Cuenca, Mois\u00e9s Montalvo Aspr\u00f3n, se\u00f1al\u00f3 que la personas se encuentra estable de salud, pero se otorga atenci\u00f3n en el seguimiento de su estado.<\/p>\n\n\n\n<p class=\"MsoNormal\">Al corte del 29 de marzo, otorgado por la Secretar\u00eda de Salud de Oaxaca, en la regi\u00f3n de la Cuenca se han realizado notificado nueve casos de Covid-19, entre personas con antecedentes de viaje al extranjero y de posible contagio; seis resultaron negativos y tres se mantienen a la espera de los estudios de laboratorio.<\/p>\n\n\n\n<p class=\"MsoNormal\">Ante la continuidad de actividades labores en el sector comercial de Tuxtepec, el jefe de la Jurisdicci\u00f3n llam\u00f3 a la poblaci\u00f3n que es momento de tomar medidas dr\u00e1sticas en lo personal y comunitario para contener la propagaci\u00f3n del Covid-19.<\/p>\n\n\n\n<p class=\"MsoNormal\">As\u00ed tambi\u00e9n, como medida de prevenci\u00f3n recalc\u00f3 en la \u201cno movilizaci\u00f3n\u201d, pues distintas personas de los municipios vecinos de la regi\u00f3n de la Cuenca acuden a realizar actividades a este municipio, cabecera distrital.<\/p>\n\n\n\n<p class=\"MsoNormal\">Adem\u00e1s, exhort\u00f3 la \u201csana distancia\u201d con relaci\u00f3n a viajes a los municipios vecinos del estado de Veracruz, donde tambi\u00e9n se registran casos y que en Tlacotlapan, a unos 100 kil\u00f3metros de Tuxtepec, aproximadamente, ya ocurri\u00f3 &nbsp;la muerte de un habitante por Covid-19, as\u00ed notificado por sus autoridades municipales.<\/p>\n\n\n\n<p class=\"MsoNormal\">En tanto, el director de Salud del ayuntamiento municipal del Tuxtepec, Abel Jim\u00e9nez, pidi\u00f3 la ayuda de las autoridades auxiliares de las comunidades, para evitar las reuniones masivas, as\u00ed como tomar las medidas suficientes ante la posible visita de connacionales que radiquen en el extranjero.<\/p>\n","protected":false},"excerpt":{"rendered":"<p>Yuridiana Sosa\/Zona Roja.&nbsp; San Juan Bautista Tuxtepec, Oax., 30 de marzo de 2020.- La dependencia&hellip;<\/p>\n","protected":false},"author":2,"featured_media":10467,"comment_status":"closed","ping_status":"open","sticky":false,"template":"","format":"standard","meta":{"_lmt_disableupdate":"","_lmt_disable":"","_jetpack_memberships_contains_paid_content":false,"footnotes":""},"categories":[109,47],"tags":[1497],"class_list":["post-10468","post","type-post","status-publish","format-standard","has-post-thumbnail","hentry","category-minuto-a-minuto","category-zona-gris","tag-coronavirus-en-oaxaca"],"jetpack_featured_media_url":"https:\/\/zonaroja.com.mx\/wp-content\/uploads\/2020\/03\/img_6354.jpg","jetpack_sharing_enabled":true,"_links":{"self":[{"href":"https:\/\/zonaroja.com.mx\/index.php?rest_route=\/wp\/v2\/posts\/10468","targetHints":{"allow":["GET"]}}],"collection":[{"href":"https:\/\/zonaroja.com.mx\/index.php?rest_route=\/wp\/v2\/posts"}],"about":[{"href":"https:\/\/zonaroja.com.mx\/index.php?rest_route=\/wp\/v2\/types\/post"}],"author":[{"embeddable":true,"href":"https:\/\/zonaroja.com.mx\/index.php?rest_route=\/wp\/v2\/users\/2"}],"replies":[{"embeddable":true,"href":"https:\/\/zonaroja.com.mx\/index.php?rest_route=%2Fwp%2Fv2%2Fcomments&post=10468"}],"version-history":[{"count":1,"href":"https:\/\/zonaroja.com.mx\/index.php?rest_route=\/wp\/v2\/posts\/10468\/revisions"}],"predecessor-version":[{"id":10469,"href":"https:\/\/zonaroja.com.mx\/index.php?rest_route=\/wp\/v2\/posts\/10468\/revisions\/10469"}],"wp:featuredmedia":[{"embeddable":true,"href":"https:\/\/zonaroja.com.mx\/index.php?rest_route=\/wp\/v2\/media\/10467"}],"wp:attachment":[{"href":"https:\/\/zonaroja.com.mx\/index.php?rest_route=%2Fwp%2Fv2%2Fmedia&parent=10468"}],"wp:term":[{"taxonomy":"category","embeddable":true,"href":"https:\/\/zonaroja.com.mx\/index.php?rest_route=%2Fwp%2Fv2%2Fcategories&post=10468"},{"taxonomy":"post_tag","embeddable":true,"href":"https:\/\/zonaroja.com.mx\/index.php?rest_route=%2Fwp%2Fv2%2Ftags&post=10468"}],"curies":[{"name":"wp","href":"https:\/\/api.w.org\/{rel}","templated":true}]}}