{"id":10478,"date":"2020-03-30T20:40:01","date_gmt":"2020-03-31T02:40:01","guid":{"rendered":"http:\/\/www.zonaroja.com.mx\/?p=10478"},"modified":"2020-03-30T20:40:12","modified_gmt":"2020-03-31T02:40:12","slug":"emplaza-profeco-a-15-empresas-en-oaxaca-por-alza-de-precios-injustificados","status":"publish","type":"post","link":"https:\/\/zonaroja.com.mx\/?p=10478","title":{"rendered":"Emplaza Profeco a 15 empresas en Oaxaca por alza de precios injustificados"},"content":{"rendered":"\n<p>Evlin Arag\u00f3n\/Zona Roja.<\/p>\n\n\n\n<p>Oaxaca de Ju\u00e1rez, Oax., 30 de marzo de\n2020.- La delegaci\u00f3n en Oaxaca de la Profeco anunci\u00f3 que, derivado de los\noperativos de verificaci\u00f3n y vigilancia de atenci\u00f3n a denuncias por aumento\ninjustificado de precios, emplaz\u00f3 a 15 proveedores por pr\u00e1cticas comerciales\nabusivas en productos de la canasta b\u00e1sica, esto en plena contingencia por el\nCovid-19.<\/p>\n\n\n\n<p>De acuerdo con la dependencia, las\nprincipales irregularidades detectadas son: la venta de alimentos caducados o\ncon fecha de consumo preferente vencida, diferencia de precio en perjuicio del\nconsumidor de productos exhibidos y precios cobrados, falta de informaci\u00f3n y\/o\nde condiciones de venta a la vista de las y los consumidores, as\u00ed como la\npublicidad enga\u00f1osa.<\/p>\n\n\n\n<p>Lo anterior de acuerdo con el\ncomunicado que emiti\u00f3 este lunes, en el que adem\u00e1s puso de manifiesto que se\nhan realizado 33 visitas derivadas de las denuncias ciudadanas a diversos\nestablecimientos que de forma injustificada subieron el precio de alimentos\nb\u00e1sicos para la poblaci\u00f3n.<\/p>\n\n\n\n<p>\u201cEn un acto sin precedente, la Profeco\nen Oaxaca, desde el 13 de marzo, implementa operativo de verificaci\u00f3n y\nvigilancia de atenci\u00f3n a denuncias por aumento injustificado de precios,\nrealizando 33 visitas de verificaci\u00f3n e iniciando 15 procedimientos por\ninfracciones a la Ley Federal de Protecci\u00f3n al Consumidor\u201d, refiere.<\/p>\n\n\n\n<p>El documento da cuenta de otros 10\napercibimientos y requerimientos a proveedores para que acrediten el precio de\nla compra y venta de al menos dos meses anteriores a la fecha de la\nverificaci\u00f3n del huevo, tortilla, frijol, ma\u00edz y az\u00facar, productos que\nregistran las principales denuncias.<\/p>\n\n\n\n<p>Lo anterior con la intenci\u00f3n de\nacreditar o descartar el incremento injustificado de precios, mismo que de\ncomprobarse se resolver\u00eda como de \u201cparticularmente grave\u201d con sanciones que van\nde los 160 mil pesos hasta 1.7 millones de pesos dependiendo del da\u00f1o a la\npoblaci\u00f3n.<\/p>\n\n\n\n<p>\u201cLos procedimientos radicados deber\u00e1n\nresolverse en su momento jur\u00eddico con una sanci\u00f3n econ\u00f3mica que puede ir de\n545.74 a 1 mill\u00f3n 746 pesos, dependiendo de la gravedad de la infracci\u00f3n, el\nda\u00f1o a la poblaci\u00f3n y la condici\u00f3n econ\u00f3mica del infractor\u201d, manifiesta.<\/p>\n\n\n\n<p>En este sentido tambi\u00e9n report\u00f3 178\nexhortos a proveedores de pan, tortilla y productos b\u00e1sicos al menudeo en\nmercados de los Valles Centrales y en coordinaci\u00f3n con ayuntamientos de\nTuxtepec, Pochutla, Huatulco y Tlaxiaco, en los que se explican las\nobligaciones comerciales y se les exhorta a evitar el incremento injustificado\nde precios.<\/p>\n\n\n\n<p>La titular de la dependencia en Oaxaca,\nLourdes Santiago Cruz, exhort\u00f3 a las y los representantes de C\u00e1maras de\nComercio, mercados y comerciantes independientes a que se conduzcan con \u00e9tica y\nresponsabilidad empresarial, a fin de evitar afectaciones graves a la poblaci\u00f3n\nque ya se por s\u00ed se enfrenta a la complejidad de la contingencia.<\/p>\n\n\n\n<p>A la par que dijo se mantendr\u00e1 la\natenci\u00f3n de las personas que solicitan asesor\u00eda para interponer una queja la\ncual para mayor facilidad se puede realizar v\u00eda telef\u00f3nica 951 51 34141 y 951\n51 34649.<\/p>\n","protected":false},"excerpt":{"rendered":"<p>Evlin Arag\u00f3n\/Zona Roja. Oaxaca de Ju\u00e1rez, Oax., 30 de marzo de 2020.- La delegaci\u00f3n en&hellip;<\/p>\n","protected":false},"author":2,"featured_media":10479,"comment_status":"closed","ping_status":"open","sticky":false,"template":"","format":"standard","meta":{"_lmt_disableupdate":"","_lmt_disable":"","_jetpack_memberships_contains_paid_content":false,"footnotes":""},"categories":[109,46],"tags":[788],"class_list":["post-10478","post","type-post","status-publish","format-standard","has-post-thumbnail","hentry","category-minuto-a-minuto","category-zona-blanca","tag-profeco-oaxaca"],"jetpack_featured_media_url":"https:\/\/zonaroja.com.mx\/wp-content\/uploads\/2020\/03\/PHOTO-2020-03-30-17-55-01.jpg","jetpack_sharing_enabled":true,"_links":{"self":[{"href":"https:\/\/zonaroja.com.mx\/index.php?rest_route=\/wp\/v2\/posts\/10478","targetHints":{"allow":["GET"]}}],"collection":[{"href":"https:\/\/zonaroja.com.mx\/index.php?rest_route=\/wp\/v2\/posts"}],"about":[{"href":"https:\/\/zonaroja.com.mx\/index.php?rest_route=\/wp\/v2\/types\/post"}],"author":[{"embeddable":true,"href":"https:\/\/zonaroja.com.mx\/index.php?rest_route=\/wp\/v2\/users\/2"}],"replies":[{"embeddable":true,"href":"https:\/\/zonaroja.com.mx\/index.php?rest_route=%2Fwp%2Fv2%2Fcomments&post=10478"}],"version-history":[{"count":1,"href":"https:\/\/zonaroja.com.mx\/index.php?rest_route=\/wp\/v2\/posts\/10478\/revisions"}],"predecessor-version":[{"id":10480,"href":"https:\/\/zonaroja.com.mx\/index.php?rest_route=\/wp\/v2\/posts\/10478\/revisions\/10480"}],"wp:featuredmedia":[{"embeddable":true,"href":"https:\/\/zonaroja.com.mx\/index.php?rest_route=\/wp\/v2\/media\/10479"}],"wp:attachment":[{"href":"https:\/\/zonaroja.com.mx\/index.php?rest_route=%2Fwp%2Fv2%2Fmedia&parent=10478"}],"wp:term":[{"taxonomy":"category","embeddable":true,"href":"https:\/\/zonaroja.com.mx\/index.php?rest_route=%2Fwp%2Fv2%2Fcategories&post=10478"},{"taxonomy":"post_tag","embeddable":true,"href":"https:\/\/zonaroja.com.mx\/index.php?rest_route=%2Fwp%2Fv2%2Ftags&post=10478"}],"curies":[{"name":"wp","href":"https:\/\/api.w.org\/{rel}","templated":true}]}}