{"id":10483,"date":"2020-03-30T22:03:59","date_gmt":"2020-03-31T04:03:59","guid":{"rendered":"http:\/\/www.zonaroja.com.mx\/?p=10483"},"modified":"2020-03-30T22:04:03","modified_gmt":"2020-03-31T04:04:03","slug":"oaxaca-registra-primer-deceso-asociado-a-covid-19-confirmansso","status":"publish","type":"post","link":"https:\/\/zonaroja.com.mx\/?p=10483","title":{"rendered":"Oaxaca registra primer deceso asociado a Covid-19, confirmanSSO"},"content":{"rendered":"\n<p>Redacci\u00f3n\/Zona Roja.<\/p>\n\n\n\n<p>Oaxaca de Ju\u00e1rez, Oax., 30 de marzo de\n2020.- El gobierno de Oaxaca, a trav\u00e9s de los Servicios de Salud (SSO) inform\u00f3\nque la noche del 29 de marzo del presente a\u00f1o, se report\u00f3 el primer\nfallecimiento asociado a Covid-19 en la entidad.<\/p>\n\n\n\n<p>En un comunicado de prensa, detall\u00f3 que\nse trata de un hombre de 44 a\u00f1os de edad, originario de la regi\u00f3n de Valles\nCentrales, quien el pasado 26 de marzo comenz\u00f3 a sentir molestias en su salud.<\/p>\n\n\n\n<p>Por lo que se atendi\u00f3 en su domicilio a\ntrav\u00e9s de un m\u00e9dico particular el 27 de marzo, siendo el mismo m\u00e9dico quien\nnotific\u00f3 a los Servicios de Salud de Oaxaca como un caso sospechoso por Covid-19.<\/p>\n\n\n\n<p>El d\u00eda 29 de marzo, el Laboratorio\nEstatal de Salud P\u00fablica (LESP) de Oaxaca, notific\u00f3 el resultado como positivo\na Covid-19; sin embargo, el estado de salud del paciente se agrav\u00f3 ese mismo\nd\u00eda, por lo que fue atendido en el Hospital Regional de Alta Especialidad de\nOaxaca (HRAEO), tras presentar taquicardia y complicaciones respiratorias.<\/p>\n\n\n\n<p>Los SSO informaron que personal m\u00e9dico\nrealiz\u00f3 todos los procedimientos de seguridad y atenci\u00f3n m\u00e9dica para lograr\nestabilizarlo. Asimismo, se aplic\u00f3 la asistencia mec\u00e1nica ventilatoria, sin\nembargo, se agrav\u00f3 por la diabetes mellitus y complicaciones renales que\npadec\u00eda previamente.<\/p>\n\n\n\n<p>Las autoridades responsables del\nHospital a pesar de los esfuerzos de reanimaci\u00f3n realizados por el equipo\nm\u00e9dico registraron el fallecimiento.<\/p>\n\n\n\n<p>La dependencia indic\u00f3 que, de acuerdo con\nlos protocolos federales establecidos para este tipo de casos, con la\nvalidaci\u00f3n del Instituto de Diagn\u00f3stico y Referencia Epidemiol\u00f3gicos (InDRE),\nse confirm\u00f3 el deceso hasta el d\u00eda de hoy.<\/p>\n\n\n\n<p>Asimismo, los SSO reportaron que hasta\neste 30 de marzo, se tiene un acumulado de 124 notificaciones, de las cuales 80\ncasos son negativos, 30 sospechosos y 14 positivos. De este total dos de los\npacientes ya fueron dados de alta.<\/p>\n\n\n\n<p>La dependencia pidi\u00f3 a toda la\npoblaci\u00f3n cumplir de manera responsable con las medidas sanitarias de la\nJornada de Sana Distancia y Qu\u00e9date en Casa, para contener la expansi\u00f3n del\nnuevo coronavirus en el estado y enfrentar unidos esta emergencia sanitaria.<\/p>\n","protected":false},"excerpt":{"rendered":"<p>Redacci\u00f3n\/Zona Roja. Oaxaca de Ju\u00e1rez, Oax., 30 de marzo de 2020.- El gobierno de Oaxaca,&hellip;<\/p>\n","protected":false},"author":2,"featured_media":10484,"comment_status":"closed","ping_status":"open","sticky":false,"template":"","format":"standard","meta":{"_lmt_disableupdate":"","_lmt_disable":"","_jetpack_memberships_contains_paid_content":false,"footnotes":""},"categories":[109,47],"tags":[1512],"class_list":["post-10483","post","type-post","status-publish","format-standard","has-post-thumbnail","hentry","category-minuto-a-minuto","category-zona-gris","tag-coronavirus-oaxaca"],"jetpack_featured_media_url":"https:\/\/zonaroja.com.mx\/wp-content\/uploads\/2020\/03\/Coronavirus-30mar.jpg","jetpack_sharing_enabled":true,"_links":{"self":[{"href":"https:\/\/zonaroja.com.mx\/index.php?rest_route=\/wp\/v2\/posts\/10483","targetHints":{"allow":["GET"]}}],"collection":[{"href":"https:\/\/zonaroja.com.mx\/index.php?rest_route=\/wp\/v2\/posts"}],"about":[{"href":"https:\/\/zonaroja.com.mx\/index.php?rest_route=\/wp\/v2\/types\/post"}],"author":[{"embeddable":true,"href":"https:\/\/zonaroja.com.mx\/index.php?rest_route=\/wp\/v2\/users\/2"}],"replies":[{"embeddable":true,"href":"https:\/\/zonaroja.com.mx\/index.php?rest_route=%2Fwp%2Fv2%2Fcomments&post=10483"}],"version-history":[{"count":1,"href":"https:\/\/zonaroja.com.mx\/index.php?rest_route=\/wp\/v2\/posts\/10483\/revisions"}],"predecessor-version":[{"id":10485,"href":"https:\/\/zonaroja.com.mx\/index.php?rest_route=\/wp\/v2\/posts\/10483\/revisions\/10485"}],"wp:featuredmedia":[{"embeddable":true,"href":"https:\/\/zonaroja.com.mx\/index.php?rest_route=\/wp\/v2\/media\/10484"}],"wp:attachment":[{"href":"https:\/\/zonaroja.com.mx\/index.php?rest_route=%2Fwp%2Fv2%2Fmedia&parent=10483"}],"wp:term":[{"taxonomy":"category","embeddable":true,"href":"https:\/\/zonaroja.com.mx\/index.php?rest_route=%2Fwp%2Fv2%2Fcategories&post=10483"},{"taxonomy":"post_tag","embeddable":true,"href":"https:\/\/zonaroja.com.mx\/index.php?rest_route=%2Fwp%2Fv2%2Ftags&post=10483"}],"curies":[{"name":"wp","href":"https:\/\/api.w.org\/{rel}","templated":true}]}}