{"id":10486,"date":"2020-03-30T22:18:25","date_gmt":"2020-03-31T04:18:25","guid":{"rendered":"http:\/\/www.zonaroja.com.mx\/?p=10486"},"modified":"2020-03-30T22:27:57","modified_gmt":"2020-03-31T04:27:57","slug":"golpea-cuarentena-a-meseros-oaxaquenos-y-piden-apoyo","status":"publish","type":"post","link":"https:\/\/zonaroja.com.mx\/?p=10486","title":{"rendered":"Golpea \u201ccuarentena\u201d a meseros oaxaque\u00f1os y piden apoyo"},"content":{"rendered":"\n<p>Yuridiana Sosa\/Zona Roja.<\/p>\n\n\n\n<p>Oaxaca de Ju\u00e1rez, Oax., 30 de marzo de\n2020.- La suspensi\u00f3n de actividades sociales y laborales ante la contingencia\nsanitaria por Covid-19, como mandato gubernamental, golpe\u00f3 ya a al menos 400\nmeseros independientes en la capital del estado, quienes demandaron al gobierno\napoyo econ\u00f3mico para sobrevivir durante la \u201ccuarentena\u201d.<\/p>\n\n\n\n<p>Un grupo representante de la Uni\u00f3n de\nMeseros Independientes del Estado de Oaxaca acudi\u00f3 este lunes a Palacio de\nGobierno para presentar al gobernador Alejandro Murat una solicitud de ayuda a\nfin de solventar necesidades b\u00e1sicas para sus familias frente a la afectaci\u00f3n\necon\u00f3mica que padecen.<\/p>\n\n\n\n<p>En conferencia en el z\u00f2calo, indicaron que su \u00fanica fuente de ingresos es la actividad en eventos sociales, por lo que la suspensi\u00f3n de estos, desde hace casi una semana, los dej\u00f3 sin trabajo.<\/p>\n\n\n\n<figure class=\"wp-block-embed-twitter wp-block-embed is-type-rich is-provider-twitter\"><div class=\"wp-block-embed__wrapper\">\n<div class=\"twitter-tweet\"><blockquote class=\"twitter-tweet\" data-lang=\"es\"><p lang=\"es\" dir=\"ltr\"><a href=\"https:\/\/twitter.com\/hashtag\/Qu%C3%A9dateEnCasa?src=hash&amp;ref_src=twsrc%5Etfw\">#Qu\u00e9dateEnCasa<\/a><br>Cada d\u00eda de inmovilidad social en <a href=\"https:\/\/twitter.com\/hashtag\/Oaxaca?src=hash&amp;ref_src=twsrc%5Etfw\">#Oaxaca<\/a>, a fin de evitar contagios por coronavirus, afecta a m\u00e1s sectores; hoy denuncia la uni\u00f3n de meseros nulas oportunidades de trabajo y exigen apoyos. <a href=\"https:\/\/t.co\/FoTFtKnN4D\">pic.twitter.com\/FoTFtKnN4D<\/a><\/p>&mdash; Zona Roja Oaxaca (@MexRoja) <a href=\"https:\/\/twitter.com\/MexRoja\/status\/1244745946178650114?ref_src=twsrc%5Etfw\">30 de marzo de 2020<\/a><\/blockquote><\/div>\n<\/div><\/figure>\n\n\n\n<p>Representados por Felipe Iglesias, los\nafectados expusieron que no cuentan con contratos laborales que respalden su\ndif\u00edcil situaci\u00f3n frente a la cuarentena; \u201cSomos eventuales, nuestros ingresos\ndependen de cada evento\u201d.<\/p>\n\n\n\n<p>La mayor\u00eda de los meseros, que hasta el\nmomento son 400 los agrupados, son padres y madres de familia que deben de\nseguir proveyendo en sus hogares, con alimentos y pago de servicios b\u00e1sicos;\nadem\u00e1s de deudas, entre otros gastos que pr\u00f3ximos relacionados con el regreso a\nclases.<\/p>\n\n\n\n<p>Los meseros, quienes aclararon que no\npertenecen a ning\u00fan sindicato, llamaron a otros compa\u00f1eros independientes a\nunirse a su grupo para demostrar el da\u00f1o econ\u00f3mico para las familias que\ndependen de esta prestaci\u00f3n de servicios.<\/p>\n","protected":false},"excerpt":{"rendered":"<p>Yuridiana Sosa\/Zona Roja. Oaxaca de Ju\u00e1rez, Oax., 30 de marzo de 2020.- La suspensi\u00f3n de&hellip;<\/p>\n","protected":false},"author":2,"featured_media":10487,"comment_status":"closed","ping_status":"open","sticky":false,"template":"","format":"standard","meta":{"_lmt_disableupdate":"","_lmt_disable":"","_jetpack_memberships_contains_paid_content":false,"footnotes":""},"categories":[109,47],"tags":[1512,1578],"class_list":["post-10486","post","type-post","status-publish","format-standard","has-post-thumbnail","hentry","category-minuto-a-minuto","category-zona-gris","tag-coronavirus-oaxaca","tag-union-de-meseros-independientes"],"jetpack_featured_media_url":"https:\/\/zonaroja.com.mx\/wp-content\/uploads\/2020\/03\/Meseros-independientes.jpg","jetpack_sharing_enabled":true,"_links":{"self":[{"href":"https:\/\/zonaroja.com.mx\/index.php?rest_route=\/wp\/v2\/posts\/10486","targetHints":{"allow":["GET"]}}],"collection":[{"href":"https:\/\/zonaroja.com.mx\/index.php?rest_route=\/wp\/v2\/posts"}],"about":[{"href":"https:\/\/zonaroja.com.mx\/index.php?rest_route=\/wp\/v2\/types\/post"}],"author":[{"embeddable":true,"href":"https:\/\/zonaroja.com.mx\/index.php?rest_route=\/wp\/v2\/users\/2"}],"replies":[{"embeddable":true,"href":"https:\/\/zonaroja.com.mx\/index.php?rest_route=%2Fwp%2Fv2%2Fcomments&post=10486"}],"version-history":[{"count":2,"href":"https:\/\/zonaroja.com.mx\/index.php?rest_route=\/wp\/v2\/posts\/10486\/revisions"}],"predecessor-version":[{"id":10489,"href":"https:\/\/zonaroja.com.mx\/index.php?rest_route=\/wp\/v2\/posts\/10486\/revisions\/10489"}],"wp:featuredmedia":[{"embeddable":true,"href":"https:\/\/zonaroja.com.mx\/index.php?rest_route=\/wp\/v2\/media\/10487"}],"wp:attachment":[{"href":"https:\/\/zonaroja.com.mx\/index.php?rest_route=%2Fwp%2Fv2%2Fmedia&parent=10486"}],"wp:term":[{"taxonomy":"category","embeddable":true,"href":"https:\/\/zonaroja.com.mx\/index.php?rest_route=%2Fwp%2Fv2%2Fcategories&post=10486"},{"taxonomy":"post_tag","embeddable":true,"href":"https:\/\/zonaroja.com.mx\/index.php?rest_route=%2Fwp%2Fv2%2Ftags&post=10486"}],"curies":[{"name":"wp","href":"https:\/\/api.w.org\/{rel}","templated":true}]}}