{"id":10490,"date":"2020-03-30T22:28:54","date_gmt":"2020-03-31T04:28:54","guid":{"rendered":"http:\/\/www.zonaroja.com.mx\/?p=10490"},"modified":"2020-03-30T23:12:48","modified_gmt":"2020-03-31T05:12:48","slug":"decreta-mexico-emergencia-sanitaria-alarga-periodo-de-sana-distancia","status":"publish","type":"post","link":"https:\/\/zonaroja.com.mx\/?p=10490","title":{"rendered":"Decreta M\u00e9xico emergencia sanitaria; alarga periodo de sana distancia"},"content":{"rendered":"\n<p>Redacci\u00f3n\/Zona Roja Cdmx.<\/p>\n\n\n\n<p>Ciudad de M\u00e9xico, 30 de marzo de 2020.-\nAnte la expansi\u00f3n del coronavirus Covid-19, el gobierno de M\u00e9xico decret\u00f3 esta\nnoche al pa\u00eds en emergencia sanitaria y prolong\u00f3 por 10 d\u00edas m\u00e1s la jornada de\nsana distancia, que de manera preliminar concluir\u00e1 el 30 de abril.<\/p>\n\n\n\n<p>En conferencia de prensa que encabez\u00f3\nel secretario de Salud, Jorge Alcocer, se determin\u00f3 tambi\u00e9n la suspensi\u00f3n\ninmediata de actividades no esenciales en los sectores p\u00fablico y privado.<\/p>\n\n\n\n<p>Se inform\u00f3 que la cifra de casos\nconfirmados de Covid-19 son mil 94 de los que 28 personas fallecieron. La mayor\nconcentraci\u00f3n de enfermos est\u00e1 en las zonas urbanas grandes: ciudad de M\u00e9xico,\nestado de M\u00e9xico, Monterrey y Guadalajara.<\/p>\n\n\n\n<p>\u201cEstamos en la oportunidad de que las\nmedidas de mitigaci\u00f3n masiva funcionen para reducir la velocidad de transmisi\u00f3n.\nTiene que haber la colaboraci\u00f3n de toda la poblaci\u00f3n, pues aunque en los\n\u00faltimos d\u00edas la movilidad en Ciudad de M\u00e9xico se redujo 60 por ciento, tiene\nque bajar m\u00e1s\u201d, se expuso esta noche.<\/p>\n\n\n\n<p>Entre las medidas acordadas en la sesi\u00f3n que esta tarde llev\u00f3 a cabo el Consejo de Salubridad General, con la presencia del presidente Andr\u00e9s Manuel L\u00f3pez Obrador, tambi\u00e9n est\u00e1 adem\u00e1s de la suspensi\u00f3n inmediata de actividades no esenciales, la postergaci\u00f3n de censos y encuestas que impliquen la movilizaci\u00f3n de personas y el contacto cara a cara.<\/p>\n\n\n\n<figure class=\"wp-block-embed-twitter wp-block-embed is-type-rich is-provider-twitter\"><div class=\"wp-block-embed__wrapper\">\n<div class=\"twitter-tweet\"><blockquote class=\"twitter-tweet\" data-lang=\"es\"><p lang=\"es\" dir=\"ltr\"><a href=\"https:\/\/twitter.com\/hashtag\/Qu%C3%A9dateEnCasa?src=hash&amp;ref_src=twsrc%5Etfw\">#Qu\u00e9dateEnCasa<\/a><br>Esta noche, el Gobierno de la Rep\u00fablica decret\u00f3 en el pa\u00eds \u201cEmergencia sanitaria por causa de fuerza mayor\u201d al virus Covid-19; restringe m\u00e1s actividades y prolonga el periodo de sana distancia hasta el 30 de abril de este a\u00f1o. <a href=\"https:\/\/t.co\/COciB5a0fi\">pic.twitter.com\/COciB5a0fi<\/a><\/p>&mdash; Zona Roja Oaxaca (@MexRoja) <a href=\"https:\/\/twitter.com\/MexRoja\/status\/1244807334708330496?ref_src=twsrc%5Etfw\">31 de marzo de 2020<\/a><\/blockquote><\/div>\n<\/div><\/figure>\n\n\n\n<p>Las actividades que se continuar\u00e1n\nrealizando por su importancia son las que tienen que ver con la prestaci\u00f3n de\nservicios m\u00e9dicos, seguridad p\u00fablica y protecci\u00f3n de la soberan\u00eda nacional y la\nimpartici\u00f3n de justicia.<\/p>\n\n\n\n<p>Tambi\u00e9n son esenciales y deben continuar\nlas actividades legislativas en los niveles federal y de los estados, as\u00ed como\nlas que garanticen el funcionamiento de la econom\u00eda. De igual forma se\ngarantiza la operaci\u00f3n de los programas sociales del gobierno, las labores de\nconservaci\u00f3n y mantenimiento de infraestructura cr\u00edtica (agua, energ\u00eda y\nsaneamiento b\u00e1sico, entre otras).<\/p>\n\n\n\n<p>En todas estas \u00e1reas, los empleados\ndeber\u00e1n abstenerse de participar en reuniones de m\u00e1s de 50 personas, pero s\u00ed\ncumplir con las medidas de prevenci\u00f3n.<\/p>\n\n\n\n<p>Respecto del sector privado, el\nsecretario de Relaciones Exteriores, Marcelo Ebrard, se\u00f1al\u00f3 que los empresarios\nse sumar\u00e1n a las acciones ordenadas por el CSG, con respeto a los derechos\nlaborales de sus empleados.<\/p>\n\n\n\n<p>Los secretarios de Marina y de la\nDefensa Nacional expusieron los avances de las acciones que les encomendaron\npara apoyar con la prestaci\u00f3n de servicios m\u00e9dicos con instalaciones donde se\natender\u00e1n pacientes, as\u00ed como con la administraci\u00f3n de nosocomios en el caso\ndel personal militar y fuerzas armadas.<\/p>\n\n\n\n<p>(Con informaci\u00f3n de \u201cLa Jornada\u201d)<\/p>\n","protected":false},"excerpt":{"rendered":"<p>Redacci\u00f3n\/Zona Roja Cdmx. Ciudad de M\u00e9xico, 30 de marzo de 2020.- Ante la expansi\u00f3n del&hellip;<\/p>\n","protected":false},"author":2,"featured_media":10493,"comment_status":"closed","ping_status":"open","sticky":false,"template":"","format":"standard","meta":{"_lmt_disableupdate":"","_lmt_disable":"","_jetpack_memberships_contains_paid_content":false,"footnotes":""},"categories":[109,47],"tags":[1328],"class_list":["post-10490","post","type-post","status-publish","format-standard","has-post-thumbnail","hentry","category-minuto-a-minuto","category-zona-gris","tag-coronavirus-mexico"],"jetpack_featured_media_url":"https:\/\/zonaroja.com.mx\/wp-content\/uploads\/2020\/03\/img_6636.jpg","jetpack_sharing_enabled":true,"_links":{"self":[{"href":"https:\/\/zonaroja.com.mx\/index.php?rest_route=\/wp\/v2\/posts\/10490","targetHints":{"allow":["GET"]}}],"collection":[{"href":"https:\/\/zonaroja.com.mx\/index.php?rest_route=\/wp\/v2\/posts"}],"about":[{"href":"https:\/\/zonaroja.com.mx\/index.php?rest_route=\/wp\/v2\/types\/post"}],"author":[{"embeddable":true,"href":"https:\/\/zonaroja.com.mx\/index.php?rest_route=\/wp\/v2\/users\/2"}],"replies":[{"embeddable":true,"href":"https:\/\/zonaroja.com.mx\/index.php?rest_route=%2Fwp%2Fv2%2Fcomments&post=10490"}],"version-history":[{"count":2,"href":"https:\/\/zonaroja.com.mx\/index.php?rest_route=\/wp\/v2\/posts\/10490\/revisions"}],"predecessor-version":[{"id":10492,"href":"https:\/\/zonaroja.com.mx\/index.php?rest_route=\/wp\/v2\/posts\/10490\/revisions\/10492"}],"wp:featuredmedia":[{"embeddable":true,"href":"https:\/\/zonaroja.com.mx\/index.php?rest_route=\/wp\/v2\/media\/10493"}],"wp:attachment":[{"href":"https:\/\/zonaroja.com.mx\/index.php?rest_route=%2Fwp%2Fv2%2Fmedia&parent=10490"}],"wp:term":[{"taxonomy":"category","embeddable":true,"href":"https:\/\/zonaroja.com.mx\/index.php?rest_route=%2Fwp%2Fv2%2Fcategories&post=10490"},{"taxonomy":"post_tag","embeddable":true,"href":"https:\/\/zonaroja.com.mx\/index.php?rest_route=%2Fwp%2Fv2%2Ftags&post=10490"}],"curies":[{"name":"wp","href":"https:\/\/api.w.org\/{rel}","templated":true}]}}