{"id":10495,"date":"2020-03-31T07:20:34","date_gmt":"2020-03-31T13:20:34","guid":{"rendered":"http:\/\/www.zonaroja.com.mx\/?p=10495"},"modified":"2020-03-31T07:20:37","modified_gmt":"2020-03-31T13:20:37","slug":"ejecutan-a-periodista-en-veracruz-segunda-victima-en-gobierno-de-cuitlahuac-garcia","status":"publish","type":"post","link":"https:\/\/zonaroja.com.mx\/?p=10495","title":{"rendered":"Ejecutan a periodista en Veracruz; segunda v\u00edctima en gobierno de Cuitl\u00e1huac Garc\u00eda"},"content":{"rendered":"\n<p>Redacci\u00f3n\/Zona Roja Cdmx.<\/p>\n\n\n\n<p>Ciudad de M\u00e9xico, 31 de marzo de 2020.-\nUna periodista muri\u00f3 anoche en Veracruz tras ser atacada a balazos horas antes.<\/p>\n\n\n\n<p>Se trata de Mar\u00eda Elena Ferral,\nreportera del \u201cDiario de Xalapa\u201d, quien laboraba en municipios de la sierra de\nPapantla y de la regi\u00f3n norte de esa entidad.<\/p>\n\n\n\n<p>De acuerdo con el diario \u201cLa Jornada\u201d,\neste el segundo caso de un comunicador asesinado en lo que va de la\nadministraci\u00f3n del gobernador Cuitl\u00e1huac Garc\u00eda, del Partido Morena. <\/p>\n\n\n\n<p>El primero fue Celestino Rivera\nV\u00e1zquez, colaborador del \u201cGr\u00e1fico de Xalapa\u201d, ultimado en agosto de 2019.<\/p>\n\n\n\n<p>De acuerdo con informes policiacos, la\nagresi\u00f3n contra Ferral, fundadora del portal \u201cVeracruz Quinto Poder\u201d, ocurri\u00f3\npasadas las 14:00 horas en la zona centro de la cabecera municipal de Papantla.<\/p>\n\n\n\n<p>La reportera de asuntos sociales y\npol\u00edticos estaba a punto de subir a su autom\u00f3vil cuando un sujeto abordo de una\nmotocicleta se acerc\u00f3 y le dispar\u00f3 al menos tres impactos en el t\u00f3rax.<\/p>\n\n\n\n<p>Rescatistas llegaron al sitio y\ntrasladaron a la comunicadora al Hospital Regional de Papantla, donde recibi\u00f3\natenci\u00f3n m\u00e9dica, pero al filo de las 20:00 horas se notific\u00f3 su fallecimiento.<\/p>\n\n\n\n<p>La Comisi\u00f3n Nacional de los Derechos\nHumanos (CNDH), la Red Veracruzana de Periodistas y organizaciones no\ngubernamentales condenaron el ataque y exigieron a las autoridades una efectiva\ninvestigaci\u00f3n para dar con los responsables para que el crimen no quede impune.<\/p>\n\n\n\n<p>En 2016, Ferral afirm\u00f3 que por su\ntrabajo period\u00edstico en la sierra de Papantla recibi\u00f3 amenazas de muerte por\nparte de Camerino Basilio Picazo, ex alcalde de Coyutla y ex diputado local\npri\u00edsta, a quien se involucr\u00f3 en 2005 en el homicidio de Miguel Alfonso\nV\u00e1zquez, ex s\u00edndico de ese municipio, pero las pesquisas no avanzaron. Ferral\npresent\u00f3 en ese entonces una denuncia penal.<\/p>\n\n\n\n<p>Seg\u00fan la CNDH, del a\u00f1o 2000 a la fecha\nhan sido asesinados al menos 155 comunicadores en el pa\u00eds. Organizaciones no\ngubernamentales documentaron el homicidio de 10 reporteros el a\u00f1o pasado por\nmotivos relacionados con su labor.<\/p>\n\n\n\n<p>(Con informaci\u00f3n de \u201cLa Jornada\u201d)<\/p>\n","protected":false},"excerpt":{"rendered":"<p>Redacci\u00f3n\/Zona Roja Cdmx. Ciudad de M\u00e9xico, 31 de marzo de 2020.- Una periodista muri\u00f3 anoche&hellip;<\/p>\n","protected":false},"author":2,"featured_media":10496,"comment_status":"closed","ping_status":"open","sticky":false,"template":"","format":"standard","meta":{"_lmt_disableupdate":"","_lmt_disable":"","_jetpack_memberships_contains_paid_content":false,"footnotes":""},"categories":[109,51],"tags":[1579],"class_list":["post-10495","post","type-post","status-publish","format-standard","has-post-thumbnail","hentry","category-minuto-a-minuto","category-zona-roja","tag-maria-elena-ferral"],"jetpack_featured_media_url":"https:\/\/zonaroja.com.mx\/wp-content\/uploads\/2020\/03\/Mar\u00eda-Elena-Ferral.jpg","jetpack_sharing_enabled":true,"_links":{"self":[{"href":"https:\/\/zonaroja.com.mx\/index.php?rest_route=\/wp\/v2\/posts\/10495","targetHints":{"allow":["GET"]}}],"collection":[{"href":"https:\/\/zonaroja.com.mx\/index.php?rest_route=\/wp\/v2\/posts"}],"about":[{"href":"https:\/\/zonaroja.com.mx\/index.php?rest_route=\/wp\/v2\/types\/post"}],"author":[{"embeddable":true,"href":"https:\/\/zonaroja.com.mx\/index.php?rest_route=\/wp\/v2\/users\/2"}],"replies":[{"embeddable":true,"href":"https:\/\/zonaroja.com.mx\/index.php?rest_route=%2Fwp%2Fv2%2Fcomments&post=10495"}],"version-history":[{"count":1,"href":"https:\/\/zonaroja.com.mx\/index.php?rest_route=\/wp\/v2\/posts\/10495\/revisions"}],"predecessor-version":[{"id":10497,"href":"https:\/\/zonaroja.com.mx\/index.php?rest_route=\/wp\/v2\/posts\/10495\/revisions\/10497"}],"wp:featuredmedia":[{"embeddable":true,"href":"https:\/\/zonaroja.com.mx\/index.php?rest_route=\/wp\/v2\/media\/10496"}],"wp:attachment":[{"href":"https:\/\/zonaroja.com.mx\/index.php?rest_route=%2Fwp%2Fv2%2Fmedia&parent=10495"}],"wp:term":[{"taxonomy":"category","embeddable":true,"href":"https:\/\/zonaroja.com.mx\/index.php?rest_route=%2Fwp%2Fv2%2Fcategories&post=10495"},{"taxonomy":"post_tag","embeddable":true,"href":"https:\/\/zonaroja.com.mx\/index.php?rest_route=%2Fwp%2Fv2%2Ftags&post=10495"}],"curies":[{"name":"wp","href":"https:\/\/api.w.org\/{rel}","templated":true}]}}