{"id":10499,"date":"2020-03-31T09:06:13","date_gmt":"2020-03-31T15:06:13","guid":{"rendered":"http:\/\/www.zonaroja.com.mx\/?p=10499"},"modified":"2020-03-31T09:06:16","modified_gmt":"2020-03-31T15:06:16","slug":"cambian-mandos-decomisan-armas-y-suspenden-a-policias-en-loma-bonita","status":"publish","type":"post","link":"https:\/\/zonaroja.com.mx\/?p=10499","title":{"rendered":"Cambian mandos, decomisan armas y suspenden a polic\u00edas en Loma Bonita"},"content":{"rendered":"\n<p>Redacci\u00f3n\/Zona Roja.<\/p>\n\n\n\n<p>Oaxaca de Ju\u00e1rez, Oax., 31 de marzo de\n2020.- Tras el cateo efectuado en Loma Bonita, con la detenci\u00f3n de 10 personas,\npresuntamente ligadas con el crimen organizado, la Secretar\u00eda de Seguridad\nP\u00fablica de Oaxaca (SSPO) nombr\u00f3 mandos en la Polic\u00eda Municipal, decomis\u00f3 armas\ny suspendi\u00f3 a al menos 35 elementos locales.<\/p>\n\n\n\n<p>El titular de la dependencia, Ra\u00fal\nErnesto Salcedo Rosales, estuvo ayer en ese municipio de la regi\u00f3n de la Cuenca,\ndonde design\u00f3 a un comandante de la Polic\u00eda Estatal y cinco elementos m\u00e1s, como\nresponsables de la seguridad p\u00fablica municipal.<\/p>\n\n\n\n<p>En un comunicado, detall\u00f3 que esta\nacci\u00f3n deriva de los siete cateos simult\u00e1neos realizados recientemente en ese\nmunicipio, mismos en los que se llev\u00f3 a cabo la detenci\u00f3n de 10 personas, entre\nellas, un presunto jefe de una c\u00e9lula criminal que operaba en la Cuenca del\nPapaloapan y, del entonces director de la Polic\u00eda Municipal; as\u00ed como, cinco\nelementos de esa corporaci\u00f3n, por la presunci\u00f3n de delitos del fuero federal.<\/p>\n\n\n\n<p>Durante su visita a la regi\u00f3n, Salcedo\nRosales explic\u00f3 que se notific\u00f3 al municipio a trav\u00e9s de su presidente,\nRaymundo Rivera Hern\u00e1ndez, que la Secretar\u00eda de Seguridad P\u00fablica de Oaxaca asumir\u00eda\nla coordinaci\u00f3n de las Polic\u00edas Municipal y Vial de dicha demarcaci\u00f3n; redoblando\nas\u00ed, operaciones de seguridad y procuraci\u00f3n de justicia en coordinaci\u00f3n con las\ninstancias corresponsables.<\/p>\n\n\n\n<p>As\u00ed tambi\u00e9n, luego de la revisi\u00f3n de la\nLicencia Oficial Colectiva de portaci\u00f3n de las armas de fuego que estaban en\nposesi\u00f3n del Cuartel de la Polic\u00eda Municipal, en coordinaci\u00f3n con personal de\nla Secretar\u00eda de la Defensa Nacional (Sedena), se decomis\u00f3 todo el armamento\nasignado en Loma Bonita, para su revisi\u00f3n y mantenimiento correspondiente.<\/p>\n\n\n\n<p>Adem\u00e1s, se revis\u00f3 y certific\u00f3 ante\nNotario P\u00fablico y ante la Direcci\u00f3n General de Asuntos Jur\u00eddicos (DGAJ) de la\nSSPO, el estatus administrativo del personal que integra la Polic\u00eda Municipal y\nen ese mismo momento se separ\u00f3 de sus funciones a 35 elementos que no hab\u00edan\ncumplido su proceso de alta en el Registro \u00danico de Polic\u00edas de Oaxaca (RUPO) o\nque no ten\u00edan su documentaci\u00f3n completa; de igual forma, a quienes no actualizaron\no aprobaron su Evaluaci\u00f3n de Control de Confianza.<\/p>\n\n\n\n<p>En esta gira de trabajo, tambi\u00e9n\natestigu\u00f3 la reinstalaci\u00f3n de la Comandancia de la Polic\u00eda Estatal y, se asign\u00f3\na un Comandante con sus elementos y las unidades correspondientes.&nbsp; <\/p>\n\n\n\n<p>Esta reinstalaci\u00f3n es una de las cinco\ncontempladas tambi\u00e9n para Huautla de Jim\u00e9nez, Jalapa de D\u00edaz, San Miguel\nSoyaltepec y San Pedro Ixcatl\u00e1n, lo que fortalece la presencia institucional en\nel corredor de las regiones de la Ca\u00f1ada y la Cuenca del Papaloapan, indic\u00f3.<\/p>\n\n\n\n<p>El encargado de la Seguridad P\u00fablica de\nOaxaca inform\u00f3 que, en el caso espec\u00edfico de San Juan Bautista Tuxtepec, desde\nal a\u00f1o pasado y, en un acuerdo con el Presidente Municipal, la SSPO design\u00f3 a\nun Comandante de la Polic\u00eda Estatal en funciones de Director de la Polic\u00eda\nMunicipal. <\/p>\n\n\n\n<p>Sin embargo, la conjunci\u00f3n de esfuerzos\noperativos y administrativos sigue estando a cargo del municipio; permitiendo\nuna estrecha coordinaci\u00f3n con las instituciones de seguridad.<\/p>\n","protected":false},"excerpt":{"rendered":"<p>Redacci\u00f3n\/Zona Roja. Oaxaca de Ju\u00e1rez, Oax., 31 de marzo de 2020.- Tras el cateo efectuado&hellip;<\/p>\n","protected":false},"author":2,"featured_media":10500,"comment_status":"closed","ping_status":"open","sticky":false,"template":"","format":"standard","meta":{"_lmt_disableupdate":"","_lmt_disable":"","_jetpack_memberships_contains_paid_content":false,"footnotes":""},"categories":[109,47],"tags":[231],"class_list":["post-10499","post","type-post","status-publish","format-standard","has-post-thumbnail","hentry","category-minuto-a-minuto","category-zona-gris","tag-raul-ernesto-salcedo-rosales"],"jetpack_featured_media_url":"https:\/\/zonaroja.com.mx\/wp-content\/uploads\/2020\/03\/SSPO-01.jpeg","jetpack_sharing_enabled":true,"_links":{"self":[{"href":"https:\/\/zonaroja.com.mx\/index.php?rest_route=\/wp\/v2\/posts\/10499","targetHints":{"allow":["GET"]}}],"collection":[{"href":"https:\/\/zonaroja.com.mx\/index.php?rest_route=\/wp\/v2\/posts"}],"about":[{"href":"https:\/\/zonaroja.com.mx\/index.php?rest_route=\/wp\/v2\/types\/post"}],"author":[{"embeddable":true,"href":"https:\/\/zonaroja.com.mx\/index.php?rest_route=\/wp\/v2\/users\/2"}],"replies":[{"embeddable":true,"href":"https:\/\/zonaroja.com.mx\/index.php?rest_route=%2Fwp%2Fv2%2Fcomments&post=10499"}],"version-history":[{"count":1,"href":"https:\/\/zonaroja.com.mx\/index.php?rest_route=\/wp\/v2\/posts\/10499\/revisions"}],"predecessor-version":[{"id":10501,"href":"https:\/\/zonaroja.com.mx\/index.php?rest_route=\/wp\/v2\/posts\/10499\/revisions\/10501"}],"wp:featuredmedia":[{"embeddable":true,"href":"https:\/\/zonaroja.com.mx\/index.php?rest_route=\/wp\/v2\/media\/10500"}],"wp:attachment":[{"href":"https:\/\/zonaroja.com.mx\/index.php?rest_route=%2Fwp%2Fv2%2Fmedia&parent=10499"}],"wp:term":[{"taxonomy":"category","embeddable":true,"href":"https:\/\/zonaroja.com.mx\/index.php?rest_route=%2Fwp%2Fv2%2Fcategories&post=10499"},{"taxonomy":"post_tag","embeddable":true,"href":"https:\/\/zonaroja.com.mx\/index.php?rest_route=%2Fwp%2Fv2%2Ftags&post=10499"}],"curies":[{"name":"wp","href":"https:\/\/api.w.org\/{rel}","templated":true}]}}