{"id":10509,"date":"2020-03-31T11:56:23","date_gmt":"2020-03-31T17:56:23","guid":{"rendered":"http:\/\/www.zonaroja.com.mx\/?p=10509"},"modified":"2020-03-31T11:56:29","modified_gmt":"2020-03-31T17:56:29","slug":"cierra-juquila-sus-accesos-a-peregrinos-que-van-a-ver-a-la-virgen","status":"publish","type":"post","link":"https:\/\/zonaroja.com.mx\/?p=10509","title":{"rendered":"Cierra Juquila sus accesos a peregrinos que van a ver a la virgen"},"content":{"rendered":"\n<p>Evlin Arag\u00f3n\/Zona Roja.<\/p>\n\n\n\n<p>Oaxaca de Ju\u00e1rez, Oax., 31 de marzo de\n2020.- Ante la contingencia que se vive a nivel mundial por el Covid-19 y la\nreciente declaraci\u00f3n de emergencia sanitaria por parte de la autoridad federal,\nel ayuntamiento de Santa Catarina Juquila determin\u00f3 suspender de forma temporal\nel acceso a peregrinaciones que se cuentan por decenas y miles en la zona\ndependiendo de la temporada.<\/p>\n\n\n\n<p>As\u00ed lo acordaron este lunes en sesi\u00f3n extraordinaria\ndel Cabildo, en el que se determin\u00f3 no permitir el acceso de personas externas\na la zona de \u201cEl Pedimento\u201d -principal recinto religioso en la entidad- y que\nforma parte de los sitios m\u00e1s visitados durante todo el a\u00f1o.<\/p>\n\n\n\n<p>Dentro de las medidas aprobadas tambi\u00e9n\nse contempla que las y los habitantes s\u00f3lo salgan de la poblaci\u00f3n en caso de\nemergencia, lo anterior para evitar la propagaci\u00f3n del virus e impedir el\ncontagio masivo que se prev\u00e9 en las pr\u00f3ximas semanas en el pa\u00eds, derivado de la\npandemia que azota al mundo en estos momentos.<\/p>\n\n\n\n<p>As\u00ed mismo se acord\u00f3 la implementaci\u00f3n\nde un puesto de control sanitario en San Lucas, El Vidrio, el cual estar\u00e1 a\ncargo de la Guardia Nacional, Polic\u00eda Estatal, Polic\u00eda Municipal y Polic\u00eda\nVial. <\/p>\n\n\n\n<p>De la misma forma se implementar\u00e1 otro\nfiltro sanitario en Pie del Cerro, sobre la carretera que conduce a R\u00edo Grande.<\/p>\n\n\n\n<p>De acuerdo con la autoridad, se espera\nque la circulaci\u00f3n se realice de forma responsable y baje de forma considerada\nla afluencia de veh\u00edculos y personas ajenas a la poblaci\u00f3n que quieran ingresar,\na quienes como se dijo anteriormente no se dejar\u00e1 pasar a la localidad para\nevitar cualquier tipo de contingencia.<\/p>\n\n\n\n<p>Finalmente se hizo el llamado a la\npoblaci\u00f3n en general a seguir las indicaciones realizadas por la Secretar\u00eda de\nSalud que consisten en lavarse las manos con agua y jab\u00f3n l\u00edquido; usar gel\nantibacterial en la medida de lo posible; guardar la sana distancia; estornudo\nen etiqueta y lo m\u00e1s importante quedarse en casa.<\/p>\n\n\n\n<p>En 2018 el santuario de Juquila fue\nvisitado en 2018 por un mill\u00f3n 85 mil 68 personas, cifra que lo coloc\u00f3 como el\nsegundo destino tur\u00edstico mas importante&nbsp;\nen la entidad por el n\u00famero de visitantes, s\u00f3lo por detr\u00e1s de la ciudad\nde Oaxaca de Ju\u00e1rez, a donde llegaron un mill\u00f3n 247 mil 453 personas.<\/p>\n\n\n\n<p>El cierre al acceso de personas ajenas\na localidad podr\u00eda resultar en afectaciones considerables en la actividad\necon\u00f3mica de la zona, que durante gran parte&nbsp;\ndel 2019 se mantuvo en conflicto entre Santa Catarina Juquila y Santiago\nYaitepec por la posesi\u00f3n de \u201cEl Pedimento\u201d.<\/p>\n","protected":false},"excerpt":{"rendered":"<p>Evlin Arag\u00f3n\/Zona Roja. Oaxaca de Ju\u00e1rez, Oax., 31 de marzo de 2020.- Ante la contingencia&hellip;<\/p>\n","protected":false},"author":2,"featured_media":10510,"comment_status":"closed","ping_status":"open","sticky":false,"template":"","format":"standard","meta":{"_lmt_disableupdate":"","_lmt_disable":"","_jetpack_memberships_contains_paid_content":false,"footnotes":""},"categories":[109,47],"tags":[1512,545],"class_list":["post-10509","post","type-post","status-publish","format-standard","has-post-thumbnail","hentry","category-minuto-a-minuto","category-zona-gris","tag-coronavirus-oaxaca","tag-santa-catarina-juquila"],"jetpack_featured_media_url":"https:\/\/zonaroja.com.mx\/wp-content\/uploads\/2020\/03\/52f94ef1-f400-4da9-b025-f6ab7158c97e.jpg","jetpack_sharing_enabled":true,"_links":{"self":[{"href":"https:\/\/zonaroja.com.mx\/index.php?rest_route=\/wp\/v2\/posts\/10509","targetHints":{"allow":["GET"]}}],"collection":[{"href":"https:\/\/zonaroja.com.mx\/index.php?rest_route=\/wp\/v2\/posts"}],"about":[{"href":"https:\/\/zonaroja.com.mx\/index.php?rest_route=\/wp\/v2\/types\/post"}],"author":[{"embeddable":true,"href":"https:\/\/zonaroja.com.mx\/index.php?rest_route=\/wp\/v2\/users\/2"}],"replies":[{"embeddable":true,"href":"https:\/\/zonaroja.com.mx\/index.php?rest_route=%2Fwp%2Fv2%2Fcomments&post=10509"}],"version-history":[{"count":1,"href":"https:\/\/zonaroja.com.mx\/index.php?rest_route=\/wp\/v2\/posts\/10509\/revisions"}],"predecessor-version":[{"id":10511,"href":"https:\/\/zonaroja.com.mx\/index.php?rest_route=\/wp\/v2\/posts\/10509\/revisions\/10511"}],"wp:featuredmedia":[{"embeddable":true,"href":"https:\/\/zonaroja.com.mx\/index.php?rest_route=\/wp\/v2\/media\/10510"}],"wp:attachment":[{"href":"https:\/\/zonaroja.com.mx\/index.php?rest_route=%2Fwp%2Fv2%2Fmedia&parent=10509"}],"wp:term":[{"taxonomy":"category","embeddable":true,"href":"https:\/\/zonaroja.com.mx\/index.php?rest_route=%2Fwp%2Fv2%2Fcategories&post=10509"},{"taxonomy":"post_tag","embeddable":true,"href":"https:\/\/zonaroja.com.mx\/index.php?rest_route=%2Fwp%2Fv2%2Ftags&post=10509"}],"curies":[{"name":"wp","href":"https:\/\/api.w.org\/{rel}","templated":true}]}}