{"id":10515,"date":"2020-03-31T14:53:00","date_gmt":"2020-03-31T20:53:00","guid":{"rendered":"http:\/\/www.zonaroja.com.mx\/?p=10515"},"modified":"2020-03-31T14:54:46","modified_gmt":"2020-03-31T20:54:46","slug":"ex-coordinacion-de-comunicacion-social-lleva-a-la-cortv","status":"publish","type":"post","link":"https:\/\/zonaroja.com.mx\/?p=10515","title":{"rendered":"Ex coordinaci\u00f3n de comunicaci\u00f3n social llega a la CORTV"},"content":{"rendered":"\n<p>Redacci\u00f3n\/Zona Roja.<\/p>\n\n\n\n<p>Oaxaca de Ju\u00e1rez, Oax., 31 de marzo de\n2020.- Mart\u00edn V\u00e1squez Villanueva, pol\u00edtico oaxaque\u00f1o originario de Santo\nDomingo Tehuantepec, con una amplia trayectoria administrativa y pol\u00edtica, fue\ndesignado anoche por el gobernador Alejandro Murat como director de la\nCorporaci\u00f3n Oaxaque\u00f1a de Radio y Televisi\u00f3n (CORTV).<\/p>\n\n\n\n<p>Entre sus cargos destacan haber sido\ncoordinador general de Comunicaci\u00f3n Social del Gobierno del Estado, secretario\nde Salud y diputado local y federal, adem\u00e1s de edil de Tehuantepec.<\/p>\n\n\n\n<p>Es m\u00e9dico cirujano de profesi\u00f3n por el\nInstituto Tecnol\u00f3gico y de Estudios Monterrey (ITESM), con maestr\u00eda en\nGobernanza y Comunicaci\u00f3n Pol\u00edtica, as\u00ed como otros estudios en Presupuestos\nP\u00fablicos y Gerencia Publica, Manejo de Crisis y Estrategias de Campa\u00f1as\nPol\u00edticas.<\/p>\n\n\n\n<p>En su trayectoria destaca tambi\u00e9n el de delegado de la hoy extinta Sedesol, delegado regional del gobierno en Tehuantepec, as\u00ed como presidente municipal de su localidad de origen del 2002 al 2004.<\/p>\n\n\n\n<figure class=\"wp-block-embed-twitter wp-block-embed is-type-rich is-provider-twitter\"><div class=\"wp-block-embed__wrapper\">\n<div class=\"twitter-tweet\"><blockquote class=\"twitter-tweet\" data-lang=\"es\"><p lang=\"es\" dir=\"ltr\">Tom\u00e9 protesta a <a href=\"https:\/\/twitter.com\/martinvasquezv?ref_src=twsrc%5Etfw\">@martinvasquezv<\/a>, como nuevo Director General de <a href=\"https:\/\/twitter.com\/cortv?ref_src=twsrc%5Etfw\">@cortv<\/a>; la comunicaci\u00f3n es la base para llegar a nuestros pueblos. Conf\u00edo en que, en equipo, lograremos difundir informaci\u00f3n y contenidos de mayor calidad a las y los oaxaque\u00f1os. <a href=\"https:\/\/t.co\/HIcWFJd10Z\">pic.twitter.com\/HIcWFJd10Z<\/a><\/p>&mdash; Alejandro Murat (@alejandromurat) <a href=\"https:\/\/twitter.com\/alejandromurat\/status\/1244820958160060417?ref_src=twsrc%5Etfw\">31 de marzo de 2020<\/a><\/blockquote><\/div>\n<\/div><\/figure>\n\n\n\n<p>En el 2010 y con la llegada de Gabino\nCu\u00e9 Monteguado a la gubernatura, V\u00e1squez Villanueva fue diputado local en el 62\nLegislatura, en donde se desempe\u00f1\u00f3 como coordinador del Grupo Parlamentario del\nPRI y presidente de la Junta de Coordinaci\u00f3n Pol\u00edtica, tambi\u00e9n integr\u00f3 las\ncomisiones de Cultura, Pesca, Salud P\u00fablica y Especial de Atenci\u00f3n a\nPeriodistas.<\/p>\n\n\n\n<p>En el 2012 obtuvo una curul federal en 62\nlegislatura del Congreso de la Uni\u00f3n, en donde represent\u00f3 a Oaxaca al interior\nde las comisiones de Asuntos Frontera Sur-Sureste, Cultura y Cinematograf\u00eda,\nRelaciones Exteriores y Ciudades Patrimonio de la Humanidad.<\/p>\n\n\n\n<p>Su participaci\u00f3n activa al interior del\nPRI le han valido representatividad desde muy joven; en 1990 se desempe\u00f1\u00f3 como\nsecretario de programas de salud de la Juventud Popular Revolucionaria de la\nCNOP, coordinador nacional de Salud del CEN del PRI, delegado del partido en\nTehuantepec, dirigente del Movimiento Territorial en la entidad y consejero\npol\u00edtico municipal, estatal y nacional del PRI.<\/p>\n\n\n\n<p>Este lunes y conforme a sus facultades\nel gobernador de Oaxaca, Alejandro Murat Hinojosa, design\u00f3 a Mart\u00edn V\u00e1squez\nVillanueva como titular de la Corporaci\u00f3n Oaxaque\u00f1a de Radio y Televisi\u00f3n, en\ncuyo acto agradeci\u00f3 la confianza brindada por el ejecutivo para las nuevas\ntareas encomendadas, adem\u00e1s que se comprometi\u00f3 a trabajar en beneficio de la\nsociedad oaxaque\u00f1a.<\/p>\n","protected":false},"excerpt":{"rendered":"<p>Redacci\u00f3n\/Zona Roja. Oaxaca de Ju\u00e1rez, Oax., 31 de marzo de 2020.- Mart\u00edn V\u00e1squez Villanueva, pol\u00edtico&hellip;<\/p>\n","protected":false},"author":2,"featured_media":10516,"comment_status":"closed","ping_status":"open","sticky":false,"template":"","format":"standard","meta":{"_lmt_disableupdate":"","_lmt_disable":"","_jetpack_memberships_contains_paid_content":false,"footnotes":""},"categories":[109,46],"tags":[1582],"class_list":["post-10515","post","type-post","status-publish","format-standard","has-post-thumbnail","hentry","category-minuto-a-minuto","category-zona-blanca","tag-martin-vasquez-villanueva"],"jetpack_featured_media_url":"https:\/\/zonaroja.com.mx\/wp-content\/uploads\/2020\/03\/Mart\u00edn-V\u00e1squez.jpg","jetpack_sharing_enabled":true,"_links":{"self":[{"href":"https:\/\/zonaroja.com.mx\/index.php?rest_route=\/wp\/v2\/posts\/10515","targetHints":{"allow":["GET"]}}],"collection":[{"href":"https:\/\/zonaroja.com.mx\/index.php?rest_route=\/wp\/v2\/posts"}],"about":[{"href":"https:\/\/zonaroja.com.mx\/index.php?rest_route=\/wp\/v2\/types\/post"}],"author":[{"embeddable":true,"href":"https:\/\/zonaroja.com.mx\/index.php?rest_route=\/wp\/v2\/users\/2"}],"replies":[{"embeddable":true,"href":"https:\/\/zonaroja.com.mx\/index.php?rest_route=%2Fwp%2Fv2%2Fcomments&post=10515"}],"version-history":[{"count":3,"href":"https:\/\/zonaroja.com.mx\/index.php?rest_route=\/wp\/v2\/posts\/10515\/revisions"}],"predecessor-version":[{"id":10519,"href":"https:\/\/zonaroja.com.mx\/index.php?rest_route=\/wp\/v2\/posts\/10515\/revisions\/10519"}],"wp:featuredmedia":[{"embeddable":true,"href":"https:\/\/zonaroja.com.mx\/index.php?rest_route=\/wp\/v2\/media\/10516"}],"wp:attachment":[{"href":"https:\/\/zonaroja.com.mx\/index.php?rest_route=%2Fwp%2Fv2%2Fmedia&parent=10515"}],"wp:term":[{"taxonomy":"category","embeddable":true,"href":"https:\/\/zonaroja.com.mx\/index.php?rest_route=%2Fwp%2Fv2%2Fcategories&post=10515"},{"taxonomy":"post_tag","embeddable":true,"href":"https:\/\/zonaroja.com.mx\/index.php?rest_route=%2Fwp%2Fv2%2Ftags&post=10515"}],"curies":[{"name":"wp","href":"https:\/\/api.w.org\/{rel}","templated":true}]}}