{"id":10523,"date":"2020-03-31T18:06:22","date_gmt":"2020-04-01T00:06:22","guid":{"rendered":"http:\/\/www.zonaroja.com.mx\/?p=10523"},"modified":"2020-03-31T18:06:25","modified_gmt":"2020-04-01T00:06:25","slug":"declaran-toque-de-queda-en-ejutla-de-crespo-violaria-derechos-humanos","status":"publish","type":"post","link":"https:\/\/zonaroja.com.mx\/?p=10523","title":{"rendered":"Declaran toque de queda en Ejutla de Crespo; violar\u00eda derechos humanos"},"content":{"rendered":"\n<p>Yuridiana Sosa\/Zona Roja.<\/p>\n\n\n\n<p>Oaxaca de Ju\u00e1rez, Oax.,31 de marzo de\n2020.- Autoridades municipales de Ejutla de Crespo, en la regi\u00f3n de Valles\nCentrales, determinaron implementar \u201ctoque de queda\u201d para su poblaci\u00f3n, as\u00ed\ncomo sanciones a quienes violen el acuerdo del Cabildo.<\/p>\n\n\n\n<p>A trav\u00e9s de un perifoneo, el gobierno\nde Leonardo D\u00edaz Jim\u00e9nez, surgido del Partido Acci\u00f3n Nacional (PAN), informa a\nsu poblaci\u00f3n que a partir de las 19:00 horas \u201cdeber\u00e1n permanecer en sus\ndomicilios, salvo justificaci\u00f3n de actividades estrictamente esenciales\u201d.<\/p>\n\n\n\n<p>El ayuntamiento justific\u00f3 la medida,\naprobada en sesi\u00f3n de Cabildo, como parte de las acciones que el gobierno del\nestado anunci\u00f3 a trav\u00e9s del decreto por la contingencia y por la declaratoria\nde emergencia sanitaria por parte del gobierno federal este 30 de marzo.<\/p>\n\n\n\n<p>\u201cAtento aviso, la Polic\u00eda Municipal de\nla Heroica Ciudad de Ejutla de Crespo, comunica a todos los habitantes que, por\nacuerdo de Cabildo, por decreto del estado y por declaratoria de emergencia\nsanitaria por el gobierno federal, respecto a la contingencia que se vive por\nel brote del Covid-19, se le solicita encarecidamente a la poblaci\u00f3n que a\npartir de las siete de la noche de las 7 pm deber\u00e1n permanecer en su\ndomicilio\u201d, se menciona en el anuncio audible.<\/p>\n\n\n\n<p>Quienes hagan caso omiso, dicta, ser\u00e1n\npuestos a disposici\u00f3n de la autoridad competente para que determinar su\nsituaci\u00f3n administrativa y jur\u00eddica, de acuerdo con la ley org\u00e1nica municipal.<\/p>\n\n\n\n<p>Esta determinaci\u00f3n, podr\u00eda ser\ninconstitucional. El decreto emitido este 30 de marzo por el gobierno federal,\nestablece, que \u201ctodas las medidas deber\u00e1n aplicarse con estricto respecto y\napego a los derechos humanos\u201d.<\/p>\n\n\n\n<p>LEY SECA EN MUNICIPIO DE LA CUENCA<\/p>\n\n\n\n<p>Por otra parte, el ayuntamiento de Loma\nBonita anunci\u00f3 que a partir de este 31 de marzo se establece \u201cley seca\u201d, por lo\nque ning\u00fan establecimiento deber\u00e1 vender bebidas embriagantes, ni consumir.<\/p>\n\n\n\n<p>Esta decisi\u00f3n del Cabildo ordena a los\nnegocios conocidos como dep\u00f3sitos cerrar de forma temporal, hasta nuevo aviso;\nmientras que las tiendas de abarrotes y de conveniencia tampoco deber\u00e1n expedir\nesos productos.<\/p>\n\n\n\n<p>El acuerdo forma parte de la\ndeclaraci\u00f3n de emergencia para tomar medidas urgentes para la conservaci\u00f3n de\nla salubridad p\u00fablica.<\/p>\n","protected":false},"excerpt":{"rendered":"<p>Yuridiana Sosa\/Zona Roja. Oaxaca de Ju\u00e1rez, Oax.,31 de marzo de 2020.- Autoridades municipales de Ejutla&hellip;<\/p>\n","protected":false},"author":2,"featured_media":10524,"comment_status":"closed","ping_status":"open","sticky":false,"template":"","format":"standard","meta":{"_lmt_disableupdate":"","_lmt_disable":"","_jetpack_memberships_contains_paid_content":false,"footnotes":""},"categories":[109,47],"tags":[1512,702],"class_list":["post-10523","post","type-post","status-publish","format-standard","has-post-thumbnail","hentry","category-minuto-a-minuto","category-zona-gris","tag-coronavirus-oaxaca","tag-ejutla-de-crespo"],"jetpack_featured_media_url":"https:\/\/zonaroja.com.mx\/wp-content\/uploads\/2020\/03\/Ejutla-2.jpg","jetpack_sharing_enabled":true,"_links":{"self":[{"href":"https:\/\/zonaroja.com.mx\/index.php?rest_route=\/wp\/v2\/posts\/10523","targetHints":{"allow":["GET"]}}],"collection":[{"href":"https:\/\/zonaroja.com.mx\/index.php?rest_route=\/wp\/v2\/posts"}],"about":[{"href":"https:\/\/zonaroja.com.mx\/index.php?rest_route=\/wp\/v2\/types\/post"}],"author":[{"embeddable":true,"href":"https:\/\/zonaroja.com.mx\/index.php?rest_route=\/wp\/v2\/users\/2"}],"replies":[{"embeddable":true,"href":"https:\/\/zonaroja.com.mx\/index.php?rest_route=%2Fwp%2Fv2%2Fcomments&post=10523"}],"version-history":[{"count":1,"href":"https:\/\/zonaroja.com.mx\/index.php?rest_route=\/wp\/v2\/posts\/10523\/revisions"}],"predecessor-version":[{"id":10525,"href":"https:\/\/zonaroja.com.mx\/index.php?rest_route=\/wp\/v2\/posts\/10523\/revisions\/10525"}],"wp:featuredmedia":[{"embeddable":true,"href":"https:\/\/zonaroja.com.mx\/index.php?rest_route=\/wp\/v2\/media\/10524"}],"wp:attachment":[{"href":"https:\/\/zonaroja.com.mx\/index.php?rest_route=%2Fwp%2Fv2%2Fmedia&parent=10523"}],"wp:term":[{"taxonomy":"category","embeddable":true,"href":"https:\/\/zonaroja.com.mx\/index.php?rest_route=%2Fwp%2Fv2%2Fcategories&post=10523"},{"taxonomy":"post_tag","embeddable":true,"href":"https:\/\/zonaroja.com.mx\/index.php?rest_route=%2Fwp%2Fv2%2Ftags&post=10523"}],"curies":[{"name":"wp","href":"https:\/\/api.w.org\/{rel}","templated":true}]}}