{"id":10530,"date":"2020-03-31T19:19:20","date_gmt":"2020-04-01T01:19:20","guid":{"rendered":"https:\/\/www.zonaroja.com.mx\/?p=10530"},"modified":"2020-03-31T19:19:23","modified_gmt":"2020-04-01T01:19:23","slug":"ayutla-sin-agua-desde-hace-tres-anos-pide-auxilio-por-incendio","status":"publish","type":"post","link":"https:\/\/zonaroja.com.mx\/?p=10530","title":{"rendered":"Ayutla, sin agua desde hace tres a\u00f1os, pide auxilio por incendio"},"content":{"rendered":"\n<p>Yuridiana Sosa\/Zona Roja.<br>Oaxaca de Ju\u00e1rez, Oax., 31 de marzo de 2020.- Pobladores de San Pedro y San Pablo Ayutla, en la zona Mixe de la regi\u00f3n Norte de Oaxca, alertaron de un incendio que se extiende y amenaza la zona poblada de su comunidad.<br><\/p>\n\n\n\n<p>La comunidad que desde el a\u00f1o 2017 se qued\u00f3 sin el suministro de agua potable, alert\u00f3 a trav\u00e9s de redes sociales sobre el incidente, del que se reporta un saldo preliminar de un hombre herido a causa de las llamas.<br><\/p>\n\n\n\n<p>La comunidad inform\u00f3 que el incendio se registra en inmediaciones de Cerro Pel\u00f3n y La Laguna, en la Sierra Norte.<br>La Comisi\u00f3n Estatal Forestal (Coesfo) confirm\u00f3 el siniestro e indic\u00f3 que una brigada se dirige al lugar para ayudar a la comunidad.<br><\/p>\n\n\n\n<p>Ayutla no solo enfrenta este siniestro sin agua, tambi\u00e9n sobrevive a la contingencia sanitaria por Covid-19 sin el vital l\u00edquido. <br>Con relaci\u00f3n a esta circunstancia, las autoridades municipales demandaron a los Servicios de Salud de Oaxaca su intervenci\u00f3n para la reconexi\u00f3n del agua. <br><\/p>\n\n\n\n<p>La comunidad escribi\u00f3 al secretario de Salud de Oaxaca, Donato Casas Escamilla: \u201cLe suplicamos sea portavoz de la emergencia en la que nos encontramos y le solicitamos tome las medidas de atenci\u00f3n a nuestro caso pues estamos expuestos a sufrir contingencias de propagaci\u00f3n de enfermedades\u201d.<br><\/p>\n\n\n\n<p>San Pedro y San Pablo Ayutla cumplen m\u00e1s de mil d\u00edas sin agua, tras un conflicto con sus vecinos de Tamazul\u00e1pam de Esp\u00edritu Santo. <\/p>\n","protected":false},"excerpt":{"rendered":"<p>Yuridiana Sosa\/Zona Roja.Oaxaca de Ju\u00e1rez, Oax., 31 de marzo de 2020.- Pobladores de San Pedro&hellip;<\/p>\n","protected":false},"author":2,"featured_media":10529,"comment_status":"closed","ping_status":"open","sticky":false,"template":"","format":"standard","meta":{"_lmt_disableupdate":"","_lmt_disable":"","_jetpack_memberships_contains_paid_content":false,"footnotes":""},"categories":[109,47],"tags":[1147],"class_list":["post-10530","post","type-post","status-publish","format-standard","has-post-thumbnail","hentry","category-minuto-a-minuto","category-zona-gris","tag-san-pedro-y-san-pablo-ayutla"],"jetpack_featured_media_url":"https:\/\/zonaroja.com.mx\/wp-content\/uploads\/2020\/03\/img_6988.jpg","jetpack_sharing_enabled":true,"_links":{"self":[{"href":"https:\/\/zonaroja.com.mx\/index.php?rest_route=\/wp\/v2\/posts\/10530","targetHints":{"allow":["GET"]}}],"collection":[{"href":"https:\/\/zonaroja.com.mx\/index.php?rest_route=\/wp\/v2\/posts"}],"about":[{"href":"https:\/\/zonaroja.com.mx\/index.php?rest_route=\/wp\/v2\/types\/post"}],"author":[{"embeddable":true,"href":"https:\/\/zonaroja.com.mx\/index.php?rest_route=\/wp\/v2\/users\/2"}],"replies":[{"embeddable":true,"href":"https:\/\/zonaroja.com.mx\/index.php?rest_route=%2Fwp%2Fv2%2Fcomments&post=10530"}],"version-history":[{"count":1,"href":"https:\/\/zonaroja.com.mx\/index.php?rest_route=\/wp\/v2\/posts\/10530\/revisions"}],"predecessor-version":[{"id":10531,"href":"https:\/\/zonaroja.com.mx\/index.php?rest_route=\/wp\/v2\/posts\/10530\/revisions\/10531"}],"wp:featuredmedia":[{"embeddable":true,"href":"https:\/\/zonaroja.com.mx\/index.php?rest_route=\/wp\/v2\/media\/10529"}],"wp:attachment":[{"href":"https:\/\/zonaroja.com.mx\/index.php?rest_route=%2Fwp%2Fv2%2Fmedia&parent=10530"}],"wp:term":[{"taxonomy":"category","embeddable":true,"href":"https:\/\/zonaroja.com.mx\/index.php?rest_route=%2Fwp%2Fv2%2Fcategories&post=10530"},{"taxonomy":"post_tag","embeddable":true,"href":"https:\/\/zonaroja.com.mx\/index.php?rest_route=%2Fwp%2Fv2%2Ftags&post=10530"}],"curies":[{"name":"wp","href":"https:\/\/api.w.org\/{rel}","templated":true}]}}