{"id":10532,"date":"2020-03-31T20:31:11","date_gmt":"2020-04-01T02:31:11","guid":{"rendered":"http:\/\/www.zonaroja.com.mx\/?p=10532"},"modified":"2020-03-31T20:31:15","modified_gmt":"2020-04-01T02:31:15","slug":"denuncian-presuntas-irregularidades-y-corrupcion-en-servicios-de-salud","status":"publish","type":"post","link":"https:\/\/zonaroja.com.mx\/?p=10532","title":{"rendered":"Denuncian presuntas irregularidades y corrupci\u00f3n en Servicios de Salud"},"content":{"rendered":"\n<p>Redacci\u00f3n\/Zona Roja.<\/p>\n\n\n\n<p>Oaxaca de Ju\u00e1rez, Oax., 31 de marzo de\n2020.- Un particular present\u00f3 una denuncia ante la Fiscal\u00eda General de la\nRep\u00fablica (FGR) por probables denuncias de corrupci\u00f3n y desv\u00edo de recursos en\nlos Servicios de Salud de Oaxaca (SSO).<\/p>\n\n\n\n<p>De acuerdo con la informaci\u00f3n dada a\nconocer, la demanda tambi\u00e9n es por la falta de pago a terceros institucionales,\nque ha derivado en da\u00f1os y perjuicios a los trabajadores sindicalizados.<\/p>\n\n\n\n<p>La denuncia que consta en la FGR se\u00f1ala\nque los hechos delictuosos han sido cometidos de manera continua desde sexenios\npasados y est\u00e1n relacionados con desv\u00edo y manejo indebido de recursos p\u00fablicos\ndel Fondo de Aportaciones para los Servicios de Salud, cometidos por ex\nfuncionarios y funcionarios.<\/p>\n\n\n\n<p>Se\u00f1ala que existe una red de corrupci\u00f3n\nque se presume encubre desde el secretario y director de los Servicios de Salud\nde Oaxaca hasta llegar a la Subdirecci\u00f3n de Administraci\u00f3n y Finanzas de la\ndependencia, as\u00ed como a la Direcci\u00f3n de Administraci\u00f3n, \u201cdesde donde sus\ntitulares aprovech\u00e1ndose de sus facultades y responsabilidades han cometido el\nsaqueo de los recursos p\u00fablicos destinados a la salud de los oaxaque\u00f1os\u201d. <\/p>\n\n\n\n<p>\u201cSe verific\u00f3 que los SSO realizaron las\nretenciones globales del Impuesto Sobre la Renta (ISR) por sueldo y salarios\npor 845,618.5 miles de pesos; sin embargo, no se identific\u00f3 la proporci\u00f3n\ncorrespondiente a FASSA 2017 y no presentaron la evidencia del entero SAT por\n474,528.9 miles de pesos; en tanto, en el pago global de las cuotas y\naportaciones de seguridad del ISSSTE no se identific\u00f3 la proporci\u00f3n\ncorrespondiente a FASSA 2017 y no proporcionaron evidencia de las declaraciones\ny pagos de quincenas 21, 22, 23 y 24 por 25,494.8 miles de pesos. <\/p>\n\n\n\n<p>\u201cAs\u00ed tambi\u00e9n, se registraron\ncontablemente las cuotas y aportaciones de seguridad social del retiro,\ncesant\u00eda en edad avanzada y vejez, y del Fondo de la Vivienda por 160, 965.0\nmiles de pesos; sin embargo, no proporcionaron evidencia de las declaraciones y\npagos de los bimestres 1, 2, 3, 4,5 y 6.<\/p>\n\n\n\n<p>\u201cSe presume un probable da\u00f1o o\nperjuicio, o ambos, a la Hacienda P\u00fablica Federal por un monto de 1,223,758.47\npesos (un mill\u00f3n doscientos veintitr\u00e9s mil setecientos cincuenta y ocho pesos\n47\/100 M.N.), m\u00e1s los rendimientos financieros generados desde su disposici\u00f3n\nhasta su reintegro a la Tesorer\u00eda de la Federaci\u00f3n, por destinar recursos del\nFondo de Aportaciones para los Servicios de Salud 2018 para realizar pagos por\nconcepto de recargos\u201d, son algunas de las inconsistencias, desv\u00edos y falta de\ncomprobaci\u00f3n que constan en el documento presentado ante la Fiscal\u00eda. <\/p>\n\n\n\n<p>Los acusados de violaci\u00f3n de los\nderechos humanos por actos de corrupci\u00f3n por desv\u00edo de recursos que tienen como\nconsecuencia la disminuci\u00f3n de los recursos p\u00fablicos, transgrediendo las\nobligaciones de protecci\u00f3n, garant\u00eda y promoci\u00f3n del Derecho Humano a la Salud.<\/p>\n\n\n\n<p>Para ello, el quejoso present\u00f3 una\nlista de probables autores del peculado, entre ellos Donato Augusto Casas\nEscamilla, Gabriela Vel\u00e1squez Rosas, Celestino Alonso \u00c1lvarez y Juan D\u00edaz\nPimentel.<\/p>\n\n\n\n<p>Asimismo, Luis Mart\u00edn de Jes\u00fas Mathus\nAlonso, actual subdirector de Administraci\u00f3n y Finanzas de los Servicios de\nSalud de Oaxaca; Francisco Javier Cornejo Roldan, y Jos\u00e9 Luis Monroy Flores,\nquienes fungieron como subdirector de Administraci\u00f3n y Finanzas de los\nServicios de Salud de Oaxaca, en el per\u00edodo de los hechos denunciados.<\/p>\n\n\n\n<p>Gustavo Ru\u00edz Garnica, actual director de\nAdministraci\u00f3n de los Servicios de Salud de Oaxaca; Eustorgio Mart\u00ednez\nMart\u00ednez, quien fungi\u00f3 como Director de Administraci\u00f3n de los Servicios de\nSalud de Oaxaca, en el per\u00edodo de los hechos denunciados.<\/p>\n","protected":false},"excerpt":{"rendered":"<p>Redacci\u00f3n\/Zona Roja. Oaxaca de Ju\u00e1rez, Oax., 31 de marzo de 2020.- Un particular present\u00f3 una&hellip;<\/p>\n","protected":false},"author":2,"featured_media":10533,"comment_status":"closed","ping_status":"open","sticky":false,"template":"","format":"standard","meta":{"_lmt_disableupdate":"","_lmt_disable":"","_jetpack_memberships_contains_paid_content":false,"footnotes":""},"categories":[109,47],"tags":[1005],"class_list":["post-10532","post","type-post","status-publish","format-standard","has-post-thumbnail","hentry","category-minuto-a-minuto","category-zona-gris","tag-servicios-de-salud-de-oaxaca-sso"],"jetpack_featured_media_url":"https:\/\/zonaroja.com.mx\/wp-content\/uploads\/2020\/03\/PHOTO-2020-03-31-10-33-16.jpg","jetpack_sharing_enabled":true,"_links":{"self":[{"href":"https:\/\/zonaroja.com.mx\/index.php?rest_route=\/wp\/v2\/posts\/10532","targetHints":{"allow":["GET"]}}],"collection":[{"href":"https:\/\/zonaroja.com.mx\/index.php?rest_route=\/wp\/v2\/posts"}],"about":[{"href":"https:\/\/zonaroja.com.mx\/index.php?rest_route=\/wp\/v2\/types\/post"}],"author":[{"embeddable":true,"href":"https:\/\/zonaroja.com.mx\/index.php?rest_route=\/wp\/v2\/users\/2"}],"replies":[{"embeddable":true,"href":"https:\/\/zonaroja.com.mx\/index.php?rest_route=%2Fwp%2Fv2%2Fcomments&post=10532"}],"version-history":[{"count":1,"href":"https:\/\/zonaroja.com.mx\/index.php?rest_route=\/wp\/v2\/posts\/10532\/revisions"}],"predecessor-version":[{"id":10534,"href":"https:\/\/zonaroja.com.mx\/index.php?rest_route=\/wp\/v2\/posts\/10532\/revisions\/10534"}],"wp:featuredmedia":[{"embeddable":true,"href":"https:\/\/zonaroja.com.mx\/index.php?rest_route=\/wp\/v2\/media\/10533"}],"wp:attachment":[{"href":"https:\/\/zonaroja.com.mx\/index.php?rest_route=%2Fwp%2Fv2%2Fmedia&parent=10532"}],"wp:term":[{"taxonomy":"category","embeddable":true,"href":"https:\/\/zonaroja.com.mx\/index.php?rest_route=%2Fwp%2Fv2%2Fcategories&post=10532"},{"taxonomy":"post_tag","embeddable":true,"href":"https:\/\/zonaroja.com.mx\/index.php?rest_route=%2Fwp%2Fv2%2Ftags&post=10532"}],"curies":[{"name":"wp","href":"https:\/\/api.w.org\/{rel}","templated":true}]}}