{"id":10535,"date":"2020-03-31T20:49:51","date_gmt":"2020-04-01T02:49:51","guid":{"rendered":"http:\/\/www.zonaroja.com.mx\/?p=10535"},"modified":"2020-03-31T20:50:06","modified_gmt":"2020-04-01T02:50:06","slug":"por-desempleo-protestan-trabajadores-de-maquiladora-en-magdalena-apasco","status":"publish","type":"post","link":"https:\/\/zonaroja.com.mx\/?p=10535","title":{"rendered":"Por desempleo, protestan trabajadores de maquiladora en Magdalena Apasco"},"content":{"rendered":"\n<p>Evlin Arag\u00f3n\/Zona Roja.<\/p>\n\n\n\n<p>Oaxaca de Ju\u00e1rez, Oax., 31 de marzo de\n2020.- Personal de la empresa maquiladora \u201cParque 2000\u201d ubicada en Magdalena\nApazco, Etla, inici\u00f3 una protesta este martes debido a la falta de empat\u00eda y\n\u00e9tica en plena contingencia sanitaria por parte de los representantes de la\nempresa Dise\u00f1os Magdatex S.A de C.V.<\/p>\n\n\n\n<p>De acuerdo con lo expuesto por las y\nlos trabajadores, los directivos de la empresa decidieron cerrarla por un mes,\nconforme a la indicaci\u00f3n que dieran las autoridades federales este lunes que\ndecretaron la emergencia sanitaria; sin embargo, lo anterior ser\u00e1 sin goce de\nsueldo para el personal que vive al d\u00eda.<\/p>\n\n\n\n<p>\u201cLos titulares designan cerrar un mes\nla empresa por la situaci\u00f3n de la enfermedad Covid-19. Los trabajadores que viven\nal d\u00eda y llevan el sustento a sus familias no tendr\u00e1n ingresos\u201d, refiere un\nbreve comunicado difundido.<\/p>\n\n\n\n<p>Por lo anterior, decidieron \u201ctomar\u201d la\nempresa y retener a los jefes de la misma, a la par que anunciaron el bloqueo\nal parque industrial maquilador, as\u00ed como a la carretera federal 190 con la\nfinalidad de evidenciar el actuar de los directivos de la empresa y solicitar\nel apoyo de las autoridades.<\/p>\n\n\n\n<p>De forma particular, solicitaron el\nrespaldo del gobernador Alejandro Murat Hinojosa y el Presidente de la\nRep\u00fablica, Andr\u00e9s Manuel L\u00f3pez Obrador, a quienes refieren lo injusto y\nprepotente del actuar de los directivos de la empresa que no toman en cuenta\nque sus familias viven al d\u00eda.<\/p>\n\n\n\n<p>\u201cSe\u00f1or Presidente de la Rep\u00fablica,\nse\u00f1or Gobernador del Estado, no es nuestra culpa esta situaci\u00f3n del Covid-19,\nnuestras familias comen y para nosotros no hay enfermedad\u201d, refirieron.<\/p>\n\n\n\n<p>Apenas este fin de semana el\nayuntamiento del municipio de Magdalena Apasco inform\u00f3 que se han tomado las\nmedidas necesarias luego de identificar un caso de Covid-19 en la comunidad,\npor lo que los Servicios de Salud colocaron un cerco sanitario en la casa de la\npersona infectada.<\/p>\n","protected":false},"excerpt":{"rendered":"<p>Evlin Arag\u00f3n\/Zona Roja. Oaxaca de Ju\u00e1rez, Oax., 31 de marzo de 2020.- Personal de la&hellip;<\/p>\n","protected":false},"author":2,"featured_media":10536,"comment_status":"closed","ping_status":"open","sticky":false,"template":"","format":"standard","meta":{"_lmt_disableupdate":"","_lmt_disable":"","_jetpack_memberships_contains_paid_content":false,"footnotes":""},"categories":[109,47],"tags":[1574],"class_list":["post-10535","post","type-post","status-publish","format-standard","has-post-thumbnail","hentry","category-minuto-a-minuto","category-zona-gris","tag-magdalena-apasco"],"jetpack_featured_media_url":"https:\/\/zonaroja.com.mx\/wp-content\/uploads\/2020\/03\/Trabajadores-maquiladora-Apasco.jpg","jetpack_sharing_enabled":true,"_links":{"self":[{"href":"https:\/\/zonaroja.com.mx\/index.php?rest_route=\/wp\/v2\/posts\/10535","targetHints":{"allow":["GET"]}}],"collection":[{"href":"https:\/\/zonaroja.com.mx\/index.php?rest_route=\/wp\/v2\/posts"}],"about":[{"href":"https:\/\/zonaroja.com.mx\/index.php?rest_route=\/wp\/v2\/types\/post"}],"author":[{"embeddable":true,"href":"https:\/\/zonaroja.com.mx\/index.php?rest_route=\/wp\/v2\/users\/2"}],"replies":[{"embeddable":true,"href":"https:\/\/zonaroja.com.mx\/index.php?rest_route=%2Fwp%2Fv2%2Fcomments&post=10535"}],"version-history":[{"count":1,"href":"https:\/\/zonaroja.com.mx\/index.php?rest_route=\/wp\/v2\/posts\/10535\/revisions"}],"predecessor-version":[{"id":10537,"href":"https:\/\/zonaroja.com.mx\/index.php?rest_route=\/wp\/v2\/posts\/10535\/revisions\/10537"}],"wp:featuredmedia":[{"embeddable":true,"href":"https:\/\/zonaroja.com.mx\/index.php?rest_route=\/wp\/v2\/media\/10536"}],"wp:attachment":[{"href":"https:\/\/zonaroja.com.mx\/index.php?rest_route=%2Fwp%2Fv2%2Fmedia&parent=10535"}],"wp:term":[{"taxonomy":"category","embeddable":true,"href":"https:\/\/zonaroja.com.mx\/index.php?rest_route=%2Fwp%2Fv2%2Fcategories&post=10535"},{"taxonomy":"post_tag","embeddable":true,"href":"https:\/\/zonaroja.com.mx\/index.php?rest_route=%2Fwp%2Fv2%2Ftags&post=10535"}],"curies":[{"name":"wp","href":"https:\/\/api.w.org\/{rel}","templated":true}]}}