{"id":10538,"date":"2020-03-31T21:48:32","date_gmt":"2020-04-01T03:48:32","guid":{"rendered":"http:\/\/www.zonaroja.com.mx\/?p=10538"},"modified":"2020-03-31T21:48:36","modified_gmt":"2020-04-01T03:48:36","slug":"medios-institucionales-deben-combatir-desinformacion-ante-contingencia-sanitaria","status":"publish","type":"post","link":"https:\/\/zonaroja.com.mx\/?p=10538","title":{"rendered":"Medios institucionales deben combatir desinformaci\u00f3n ante contingencia sanitaria"},"content":{"rendered":"\n<p>Redacci\u00f3n\/Zona Roja.<\/p>\n\n\n\n<p>Oaxaca de Ju\u00e1rez, Oax., 31 de marzo de\n2020.- Debido a la desinformaci\u00f3n y noticias falsas propagadas en redes\nsociales referentes al tema de coronavirus, la diputada Magaly L\u00f3pez consider\u00f3\nque los medios institucionales de Oaxaca deben contribuir a evitar informaci\u00f3n\nfalsa.<\/p>\n\n\n\n<p>Por ello, solicit\u00f3 al gobernador\nAlejandro Murat que instruya al director general de la Corporaci\u00f3n Oaxaque\u00f1a de\nRadio y Televisi\u00f3n (CORTV), Mart\u00edn V\u00e1squez Villanueva, para que transmita\ndiariamente en su se\u00f1al de televisi\u00f3n y radio, la conferencia matutina del Presidente\nde la Rep\u00fablica y la vespertina en la que cada d\u00eda se brinda informaci\u00f3n sobre\nla pandemia.<\/p>\n\n\n\n<p>La legisladora dijo que esta medida\npuede abonar significativamente a que la poblaci\u00f3n de Oaxaca est\u00e9 enterada por\nlas v\u00edas oficiales acerca de la contingencia, con informaci\u00f3n ver\u00eddica vertida\nde manera directa por las autoridades correspondientes, combatiendo as\u00ed la\ndesinformaci\u00f3n y la posibilidad de p\u00e1nico.<\/p>\n\n\n\n<p>La diputada por el Partido Morena\ndetalla en el escrito presentado en Palacio de Gobierno estatal, que dicha\npetici\u00f3n fue dirigida inicialmente al director de la CORTV, pero en las\noficinas de la dependencia se negaron a recibirla, en franca violaci\u00f3n al\nart\u00edculo octavo constitucional.<\/p>\n\n\n\n<p>Finalmente, Magaly L\u00f3pez manifest\u00f3 que\nal estar el pa\u00eds en etapa de urgencia sanitaria, es necesario que la poblaci\u00f3n\neste correctamente informada para actuar de manera prudente ante los\npronunciamientos que surgen respecto a esta enfermedad.<\/p>\n","protected":false},"excerpt":{"rendered":"<p>Redacci\u00f3n\/Zona Roja. Oaxaca de Ju\u00e1rez, Oax., 31 de marzo de 2020.- Debido a la desinformaci\u00f3n&hellip;<\/p>\n","protected":false},"author":2,"featured_media":10539,"comment_status":"closed","ping_status":"open","sticky":false,"template":"","format":"standard","meta":{"_lmt_disableupdate":"","_lmt_disable":"","_jetpack_memberships_contains_paid_content":false,"footnotes":""},"categories":[109,47],"tags":[192],"class_list":["post-10538","post","type-post","status-publish","format-standard","has-post-thumbnail","hentry","category-minuto-a-minuto","category-zona-gris","tag-diputada-magaly-lopez-dominguez"],"jetpack_featured_media_url":"https:\/\/zonaroja.com.mx\/wp-content\/uploads\/2020\/03\/Medios-institucionales-de-Oaxaca-deben-combatir-desinformacio\u0301n-ante-contingencia-sanitaria-1.jpeg","jetpack_sharing_enabled":true,"_links":{"self":[{"href":"https:\/\/zonaroja.com.mx\/index.php?rest_route=\/wp\/v2\/posts\/10538","targetHints":{"allow":["GET"]}}],"collection":[{"href":"https:\/\/zonaroja.com.mx\/index.php?rest_route=\/wp\/v2\/posts"}],"about":[{"href":"https:\/\/zonaroja.com.mx\/index.php?rest_route=\/wp\/v2\/types\/post"}],"author":[{"embeddable":true,"href":"https:\/\/zonaroja.com.mx\/index.php?rest_route=\/wp\/v2\/users\/2"}],"replies":[{"embeddable":true,"href":"https:\/\/zonaroja.com.mx\/index.php?rest_route=%2Fwp%2Fv2%2Fcomments&post=10538"}],"version-history":[{"count":1,"href":"https:\/\/zonaroja.com.mx\/index.php?rest_route=\/wp\/v2\/posts\/10538\/revisions"}],"predecessor-version":[{"id":10540,"href":"https:\/\/zonaroja.com.mx\/index.php?rest_route=\/wp\/v2\/posts\/10538\/revisions\/10540"}],"wp:featuredmedia":[{"embeddable":true,"href":"https:\/\/zonaroja.com.mx\/index.php?rest_route=\/wp\/v2\/media\/10539"}],"wp:attachment":[{"href":"https:\/\/zonaroja.com.mx\/index.php?rest_route=%2Fwp%2Fv2%2Fmedia&parent=10538"}],"wp:term":[{"taxonomy":"category","embeddable":true,"href":"https:\/\/zonaroja.com.mx\/index.php?rest_route=%2Fwp%2Fv2%2Fcategories&post=10538"},{"taxonomy":"post_tag","embeddable":true,"href":"https:\/\/zonaroja.com.mx\/index.php?rest_route=%2Fwp%2Fv2%2Ftags&post=10538"}],"curies":[{"name":"wp","href":"https:\/\/api.w.org\/{rel}","templated":true}]}}