{"id":10541,"date":"2020-03-31T21:52:54","date_gmt":"2020-04-01T03:52:54","guid":{"rendered":"http:\/\/www.zonaroja.com.mx\/?p=10541"},"modified":"2020-03-31T21:53:04","modified_gmt":"2020-04-01T03:53:04","slug":"confirma-el-ieepo-que-receso-escolar-se-extiende-hasta-el-30-de-abril","status":"publish","type":"post","link":"https:\/\/zonaroja.com.mx\/?p=10541","title":{"rendered":"Confirma el IEEPO que receso escolar se extiende hasta el 30 de abril"},"content":{"rendered":"\n<p>Redacci\u00f3n\/Zona Roja.<\/p>\n\n\n\n<p>Oaxaca de Ju\u00e1rez, Oax. 31 de marzo de\n2020.- Por acuerdo del Consejo de Salubridad General que decret\u00f3 el estado de\nemergencia sanitaria por Covid-19 y la suspensi\u00f3n de actividades no esenciales\nhasta el 30 de abril, el Instituto Estatal de Educaci\u00f3n P\u00fablica de Oaxaca\n(IEEPO), acatar\u00e1 la disposici\u00f3n ampliando el receso escolar hasta esa fecha en\nlos planteles educativos del nivel b\u00e1sico.<\/p>\n\n\n\n<p>En un comunicado, expuso que ante la\ncontingencia, el gobernador Alejandro Murat Hinojosa, en un esfuerzo\ninterdisciplinario con el Gobierno de M\u00e9xico y la Secretar\u00eda de Educaci\u00f3n\nP\u00fablica (SEP), promueve una variada oferta educativa para facilitar en las y\nlos escolares la continuidad de estudiar en casa y crear h\u00e1bitos que\nfortalezcan la educaci\u00f3n a distancia.<\/p>\n\n\n\n<p>En este sentido, el IEEPO, que dirige\nFrancisco \u00c1ngel Villarreal, hace un llamado a las madres, padres de familia y\ntutores para que se apoyen en contenidos dise\u00f1ados para establecer rutinas\ndiarias en el hogar con sus hijos e hijas, y de esta manera transitar\nexitosamente hacia la normalidad.<\/p>\n\n\n\n<p>Una de estas estrategias son las\nplataformas digitales y la televisi\u00f3n, que difunden actividades como el\nprograma Aprende en Casa por TV y en L\u00ednea, basadas en planes y programas de\nestudio, desde educaci\u00f3n inicial hasta la secundaria.<\/p>\n\n\n\n<p>Los contenidos\nhan sido seleccionados conforme al logro de los aprendizajes esperados. Adem\u00e1s,\nel sitio educacionbasica.sep.gob.mx, que se puede consultar tambi\u00e9n por\ntelefon\u00eda m\u00f3vil, ofrece el acceso a todos los recursos que la SEP ha puesto a\ndisposici\u00f3n de los padres y madres de familia para fortalecer la educaci\u00f3n en\neste periodo de receso escolar.<\/p>\n","protected":false},"excerpt":{"rendered":"<p>Redacci\u00f3n\/Zona Roja. Oaxaca de Ju\u00e1rez, Oax. 31 de marzo de 2020.- Por acuerdo del Consejo&hellip;<\/p>\n","protected":false},"author":2,"featured_media":10542,"comment_status":"closed","ping_status":"open","sticky":false,"template":"","format":"standard","meta":{"_lmt_disableupdate":"","_lmt_disable":"","_jetpack_memberships_contains_paid_content":false,"footnotes":""},"categories":[109,46],"tags":[599],"class_list":["post-10541","post","type-post","status-publish","format-standard","has-post-thumbnail","hentry","category-minuto-a-minuto","category-zona-blanca","tag-instituto-estatal-de-educacion-publica-de-oaxaca"],"jetpack_featured_media_url":"https:\/\/zonaroja.com.mx\/wp-content\/uploads\/2020\/03\/Clases-televisi\u00f3n.jpeg","jetpack_sharing_enabled":true,"_links":{"self":[{"href":"https:\/\/zonaroja.com.mx\/index.php?rest_route=\/wp\/v2\/posts\/10541","targetHints":{"allow":["GET"]}}],"collection":[{"href":"https:\/\/zonaroja.com.mx\/index.php?rest_route=\/wp\/v2\/posts"}],"about":[{"href":"https:\/\/zonaroja.com.mx\/index.php?rest_route=\/wp\/v2\/types\/post"}],"author":[{"embeddable":true,"href":"https:\/\/zonaroja.com.mx\/index.php?rest_route=\/wp\/v2\/users\/2"}],"replies":[{"embeddable":true,"href":"https:\/\/zonaroja.com.mx\/index.php?rest_route=%2Fwp%2Fv2%2Fcomments&post=10541"}],"version-history":[{"count":1,"href":"https:\/\/zonaroja.com.mx\/index.php?rest_route=\/wp\/v2\/posts\/10541\/revisions"}],"predecessor-version":[{"id":10543,"href":"https:\/\/zonaroja.com.mx\/index.php?rest_route=\/wp\/v2\/posts\/10541\/revisions\/10543"}],"wp:featuredmedia":[{"embeddable":true,"href":"https:\/\/zonaroja.com.mx\/index.php?rest_route=\/wp\/v2\/media\/10542"}],"wp:attachment":[{"href":"https:\/\/zonaroja.com.mx\/index.php?rest_route=%2Fwp%2Fv2%2Fmedia&parent=10541"}],"wp:term":[{"taxonomy":"category","embeddable":true,"href":"https:\/\/zonaroja.com.mx\/index.php?rest_route=%2Fwp%2Fv2%2Fcategories&post=10541"},{"taxonomy":"post_tag","embeddable":true,"href":"https:\/\/zonaroja.com.mx\/index.php?rest_route=%2Fwp%2Fv2%2Ftags&post=10541"}],"curies":[{"name":"wp","href":"https:\/\/api.w.org\/{rel}","templated":true}]}}