{"id":10548,"date":"2020-04-01T07:44:50","date_gmt":"2020-04-01T13:44:50","guid":{"rendered":"http:\/\/www.zonaroja.com.mx\/?p=10548"},"modified":"2020-04-01T07:45:54","modified_gmt":"2020-04-01T13:45:54","slug":"controlan-y-liquidan-incendio-en-ayutla-un-lesionado-el-saldo","status":"publish","type":"post","link":"https:\/\/zonaroja.com.mx\/?p=10548","title":{"rendered":"Controlan y liquidan incendio en Ayutla; un lesionado, el saldo"},"content":{"rendered":"\n<p>Redacci\u00f3n\/Zona Roja.<\/p>\n\n\n\n<p>Oaxaca de Ju\u00e1rez, Oax., 1 de abril de\n2020.- En las primeras horas de este mi\u00e9rcoles qued\u00f3 controlado y liquidado el\nfuego originado en los parajes \u201cCerro Pel\u00f3n\u201d y \u201cLa Laguna\u201d de San Pedro y San\nPablo Ayutla, inform\u00f3 la Comisi\u00f3n Estatal Forestal de Oaxaca (Coesfo).<\/p>\n\n\n\n<p>No obstante, hasta el momento no se ha\ncuantificado la superficie afectada; el saldo fue de una persona lesionada, por\ndescarga el\u00e9ctrica y quemaduras.<\/p>\n\n\n\n<p>De acuerdo con reportes oficiales, alrededor de las 16:00 horas, el ciudadano Jos\u00e9 Luis Dom\u00ednguez Marino, de 28 a\u00f1os de edad, derribaba un \u00e1rbol, que cay\u00f3 sobre una l\u00ednea de transmisi\u00f3n de energ\u00eda el\u00e9ctrica.<\/p>\n\n\n\n<figure class=\"wp-block-embed-twitter wp-block-embed is-type-rich is-provider-twitter\"><div class=\"wp-block-embed__wrapper\">\n<div class=\"twitter-tweet\"><blockquote class=\"twitter-tweet\" data-lang=\"es\"><p lang=\"es\" dir=\"ltr\"><a href=\"https:\/\/twitter.com\/hashtag\/%C3%9AltimoMinuto?src=hash&amp;ref_src=twsrc%5Etfw\">#\u00daltimoMinuto<\/a> <br>A esta hora qued\u00f3 controlado el incendio forestal en Ayutla Mixe, al que acudieron brigadistas de la <a href=\"https:\/\/twitter.com\/COESFO_GobOax?ref_src=twsrc%5Etfw\">@COESFO_GobOax<\/a>; una persona con quemaduras graves, el saldo preliminar. <a href=\"https:\/\/t.co\/ZL5oHe9hFN\">pic.twitter.com\/ZL5oHe9hFN<\/a><\/p>&mdash; Zona Roja Oaxaca (@MexRoja) <a href=\"https:\/\/twitter.com\/MexRoja\/status\/1245225636488192000?ref_src=twsrc%5Etfw\">1 de abril de 2020<\/a><\/blockquote><\/div>\n<\/div><\/figure>\n\n\n\n<p>Ello deriv\u00f3 en una descarga el\u00e9ctrica\nque lesion\u00f3 al individuo y adem\u00e1s inici\u00f3 el incendio, que por varias horas\nestuvo fuera de control; el paciente fue llevado a un hospital.<\/p>\n\n\n\n<p>Fue a trav\u00e9s de las redes sociales que\nactivistas y pobladores de Ayutla denunciaron que pese a la contingencia, no\nten\u00edan agua para el combate; recordaron que desde hace tres a\u00f1os y por un\nconflicto con Tamazul\u00e1pam del Esp\u00edritu Santo, el gobernador Alejandro Murat no\nha resuelto la problem\u00e1tica, como se comprometi\u00f3 ante el Presidente Andr\u00e9s\nManuel L\u00f3pez Obrador.<\/p>\n\n\n\n<p>Cerca de las dos de la ma\u00f1ana, el\ndirector de la Coesfo inform\u00f3 a trav\u00e9s de redes sociales que&nbsp; el incendio fue controlado y liquidado.<\/p>\n\n\n\n<p>No obstante, por parte del Gobierno del\nEstado no ha habido respuesta para dotar de agua potable a Ayutla.<\/p>\n","protected":false},"excerpt":{"rendered":"<p>Redacci\u00f3n\/Zona Roja. Oaxaca de Ju\u00e1rez, Oax., 1 de abril de 2020.- En las primeras horas&hellip;<\/p>\n","protected":false},"author":2,"featured_media":10549,"comment_status":"closed","ping_status":"open","sticky":false,"template":"","format":"standard","meta":{"_lmt_disableupdate":"","_lmt_disable":"","_jetpack_memberships_contains_paid_content":false,"footnotes":""},"categories":[109,47],"tags":[1583],"class_list":["post-10548","post","type-post","status-publish","format-standard","has-post-thumbnail","hentry","category-minuto-a-minuto","category-zona-gris","tag-incendio-ayutla-mixe"],"jetpack_featured_media_url":"https:\/\/zonaroja.com.mx\/wp-content\/uploads\/2020\/04\/e96d0f41-35ba-4485-a62f-ac2773db7bbc.jpg","jetpack_sharing_enabled":true,"_links":{"self":[{"href":"https:\/\/zonaroja.com.mx\/index.php?rest_route=\/wp\/v2\/posts\/10548","targetHints":{"allow":["GET"]}}],"collection":[{"href":"https:\/\/zonaroja.com.mx\/index.php?rest_route=\/wp\/v2\/posts"}],"about":[{"href":"https:\/\/zonaroja.com.mx\/index.php?rest_route=\/wp\/v2\/types\/post"}],"author":[{"embeddable":true,"href":"https:\/\/zonaroja.com.mx\/index.php?rest_route=\/wp\/v2\/users\/2"}],"replies":[{"embeddable":true,"href":"https:\/\/zonaroja.com.mx\/index.php?rest_route=%2Fwp%2Fv2%2Fcomments&post=10548"}],"version-history":[{"count":2,"href":"https:\/\/zonaroja.com.mx\/index.php?rest_route=\/wp\/v2\/posts\/10548\/revisions"}],"predecessor-version":[{"id":10551,"href":"https:\/\/zonaroja.com.mx\/index.php?rest_route=\/wp\/v2\/posts\/10548\/revisions\/10551"}],"wp:featuredmedia":[{"embeddable":true,"href":"https:\/\/zonaroja.com.mx\/index.php?rest_route=\/wp\/v2\/media\/10549"}],"wp:attachment":[{"href":"https:\/\/zonaroja.com.mx\/index.php?rest_route=%2Fwp%2Fv2%2Fmedia&parent=10548"}],"wp:term":[{"taxonomy":"category","embeddable":true,"href":"https:\/\/zonaroja.com.mx\/index.php?rest_route=%2Fwp%2Fv2%2Fcategories&post=10548"},{"taxonomy":"post_tag","embeddable":true,"href":"https:\/\/zonaroja.com.mx\/index.php?rest_route=%2Fwp%2Fv2%2Ftags&post=10548"}],"curies":[{"name":"wp","href":"https:\/\/api.w.org\/{rel}","templated":true}]}}