{"id":10555,"date":"2020-04-01T10:00:32","date_gmt":"2020-04-01T16:00:32","guid":{"rendered":"http:\/\/www.zonaroja.com.mx\/?p=10555"},"modified":"2020-04-01T10:00:40","modified_gmt":"2020-04-01T16:00:40","slug":"pide-ddhpo-respeto-a-derechos-humanos-durante-contingencia-por-coronavirus","status":"publish","type":"post","link":"https:\/\/zonaroja.com.mx\/?p=10555","title":{"rendered":"Pide DDHPO respeto a derechos humanos durante contingencia por coronavirus"},"content":{"rendered":"\n<p>Redacci\u00f3n\/Zona Roja.<\/p>\n\n\n\n<p>Oaxaca de Ju\u00e1rez, Oax., 1 de abril de\n2020.- La Defensor\u00eda de los Derechos Humanos del Pueblo de Oaxaca (DDHPO)\nconvoc\u00f3 a las autoridades estatales y municipales a respetar los derechos\nhumanos de la poblaci\u00f3n, frente a la declaratoria de Emergencia Sanitaria por Covid-19\nefectuada por el gobierno federal.<\/p>\n\n\n\n<p>En un comunicado, expuso que si bien se\nestablecieron una serie de estrategias que buscan el bienestar com\u00fan en materia\nde salud, \u201cno se decret\u00f3 un estado de excepci\u00f3n, lo que significa que las\ngarant\u00edas individuales contin\u00faan vigentes y deben respetarse, atenderse y\nprocurarse\u201d.<\/p>\n\n\n\n<p>El organismo reconoci\u00f3 que las\nautoridades en su conjunto enfrentan un gran desaf\u00edo respecto a la contenci\u00f3n\nde Covid-19, sin embargo, consider\u00f3 que se debe encontrar el equilibrio entre\nla protecci\u00f3n del derecho a la salud y resguardar las dem\u00e1s libertades y\nderechos.<\/p>\n\n\n\n<p>Resalt\u00f3 que debe haber un especial\ncuidado sobre la restricci\u00f3n del derecho a la movilidad, ya que si bien esta\nmedida busca proteger a la poblaci\u00f3n, esto no debe violentar otros derechos o\nlibertades.<\/p>\n\n\n\n<p>Respecto a las medidas de\ndistanciamiento social, expuso que es importante que las autoridades vigilen\nque las acciones no promuevan la discriminaci\u00f3n o estigmatizaci\u00f3n, ni tampoco\nincurran en alguna practica que excluya alg\u00fan sector de la sociedad, por el\ncontrario, las medidas adoptadas deben proteger todos los derechos de todas las\npersonas y evitar los abusos.<\/p>\n\n\n\n<p>La Defensor\u00eda insisti\u00f3 en la necesidad\nque las autoridades proporcionen informaci\u00f3n accesible y transparente respecto\na las medidas que aplicar\u00e1n, as\u00ed como las acciones preventivas y&nbsp; de cuidado en espa\u00f1ol y tambi\u00e9n en lenguas\noriginarias y culturalmente adecuadas.<\/p>\n\n\n\n<p>El organismo defensor record\u00f3 que\nimplementar acciones con enfoque de derechos humanos es una forma natural de\nproteger a la poblaci\u00f3n, pues estos tienen una carga preventiva inherente,\nadem\u00e1s proporcionan una base s\u00f3lida para abordar cuestiones preocupantes como\nla protecci\u00f3n de la salud, adem\u00e1s la perspectiva de derechos humanos previene\nla generaci\u00f3n de conflictos internos, ya que coadyuva a la igualdad y la paz\nsocial.<\/p>\n","protected":false},"excerpt":{"rendered":"<p>Redacci\u00f3n\/Zona Roja. Oaxaca de Ju\u00e1rez, Oax., 1 de abril de 2020.- La Defensor\u00eda de los&hellip;<\/p>\n","protected":false},"author":2,"featured_media":10556,"comment_status":"closed","ping_status":"open","sticky":false,"template":"","format":"standard","meta":{"_lmt_disableupdate":"","_lmt_disable":"","_jetpack_memberships_contains_paid_content":false,"footnotes":""},"categories":[109,47],"tags":[1512],"class_list":["post-10555","post","type-post","status-publish","format-standard","has-post-thumbnail","hentry","category-minuto-a-minuto","category-zona-gris","tag-coronavirus-oaxaca"],"jetpack_featured_media_url":"https:\/\/zonaroja.com.mx\/wp-content\/uploads\/2020\/04\/31-marzo-Pide-DDHPO-respeto-irrestrico-a-los-derechos-humanos.jpeg","jetpack_sharing_enabled":true,"_links":{"self":[{"href":"https:\/\/zonaroja.com.mx\/index.php?rest_route=\/wp\/v2\/posts\/10555","targetHints":{"allow":["GET"]}}],"collection":[{"href":"https:\/\/zonaroja.com.mx\/index.php?rest_route=\/wp\/v2\/posts"}],"about":[{"href":"https:\/\/zonaroja.com.mx\/index.php?rest_route=\/wp\/v2\/types\/post"}],"author":[{"embeddable":true,"href":"https:\/\/zonaroja.com.mx\/index.php?rest_route=\/wp\/v2\/users\/2"}],"replies":[{"embeddable":true,"href":"https:\/\/zonaroja.com.mx\/index.php?rest_route=%2Fwp%2Fv2%2Fcomments&post=10555"}],"version-history":[{"count":1,"href":"https:\/\/zonaroja.com.mx\/index.php?rest_route=\/wp\/v2\/posts\/10555\/revisions"}],"predecessor-version":[{"id":10557,"href":"https:\/\/zonaroja.com.mx\/index.php?rest_route=\/wp\/v2\/posts\/10555\/revisions\/10557"}],"wp:featuredmedia":[{"embeddable":true,"href":"https:\/\/zonaroja.com.mx\/index.php?rest_route=\/wp\/v2\/media\/10556"}],"wp:attachment":[{"href":"https:\/\/zonaroja.com.mx\/index.php?rest_route=%2Fwp%2Fv2%2Fmedia&parent=10555"}],"wp:term":[{"taxonomy":"category","embeddable":true,"href":"https:\/\/zonaroja.com.mx\/index.php?rest_route=%2Fwp%2Fv2%2Fcategories&post=10555"},{"taxonomy":"post_tag","embeddable":true,"href":"https:\/\/zonaroja.com.mx\/index.php?rest_route=%2Fwp%2Fv2%2Ftags&post=10555"}],"curies":[{"name":"wp","href":"https:\/\/api.w.org\/{rel}","templated":true}]}}