{"id":10558,"date":"2020-04-01T10:07:53","date_gmt":"2020-04-01T16:07:53","guid":{"rendered":"http:\/\/www.zonaroja.com.mx\/?p=10558"},"modified":"2020-04-01T10:07:58","modified_gmt":"2020-04-01T16:07:58","slug":"comparte-congreso-local-informacion-oportuna-y-confiable-ante-alerta-sanitaria","status":"publish","type":"post","link":"https:\/\/zonaroja.com.mx\/?p=10558","title":{"rendered":"Comparte Congreso local informaci\u00f3n oportuna y confiable ante alerta sanitaria"},"content":{"rendered":"\n<p>Redacci\u00f3n\/Zona Roja.<\/p>\n\n\n\n<p>Oaxaca de Ju\u00e1rez, Oax., 1 de abril de\n2020.- Como una medida para contrarrestar informaci\u00f3n falsa durante la\nemergencia nacional por el Covid-19, el Congreso del Estado inform\u00f3 que contribuye\ncompartiendo informaci\u00f3n oportuna, real y oficial hacia la poblaci\u00f3n oaxaque\u00f1a,\nrespecto el panorama, protocolos y medidas implementadas por las autoridades\nsanitarias.<\/p>\n\n\n\n<p>En este sentido, dijo que instruy\u00f3 a la\nDirecci\u00f3n de Comunicaci\u00f3n Social, realizar la difusi\u00f3n en sus plataformas\ndigitales oficiales, de las conferencias de prensa denominadas: #Coronavirus\n#COVID19 #Qu\u00e9dateEnCasaYa, implementadas por el Gobierno de la Rep\u00fablica.<\/p>\n\n\n\n<p>Es as\u00ed que los interesados pueden\nseguir en tiempo real las ruedas de prensa e informaci\u00f3n \u00fatil y necesaria para\nel cuidado de su salud, a trav\u00e9s de la cuenta oficial:\nhttps:\/\/www.facebook.com\/Congreso64Oax\/, todos los d\u00edas, a las 19:00 horas.<\/p>\n\n\n\n<p>Adem\u00e1s, en la misma cuenta oficial, se\ndifunde a las 07:00 horas, la conferencia matutina ofrecida por el presidente\nde la Rep\u00fablica, Andr\u00e9s Manuel L\u00f3pez Obrador a los medios de comunicaci\u00f3n en\nPalacio Nacional, transmisi\u00f3n con la cual se ampl\u00eda la informaci\u00f3n sobre el\nCoronavirus #ConferenciaPresidente.<\/p>\n\n\n\n<p>Indic\u00f3 que el Poder Legislativo\ndetermin\u00f3 realizar dicha acci\u00f3n, como una medida para contrarrestar la\npropagaci\u00f3n de informaci\u00f3n falsa \u2013 los llamados \u201cfakes news\u201d- que pudiera\nprovocar p\u00e1nico o confusi\u00f3n entre la ciudadan\u00eda.<\/p>\n\n\n\n<p>Asimismo, se comparte el Comunicado\nT\u00e9cnico Diario del Nuevo Coronavirus en Oaxaca, emitido por la Secretar\u00eda de\nSalud del Gobierno del Estado de Oaxaca a trav\u00e9s de su cuenta oficial:\n@SSO_GobOax.<\/p>\n\n\n\n<p>EVITAR EN TRANSPORTE P\u00daBLICO<\/p>\n\n\n\n<p>Por otra parte, ante la emergencia\nsanitaria actual, la diputaci\u00f3n local demand\u00f3 a los titulares las secretarias\nde Movilidad (Semovi) y de Salud de Oaxaca (Sso), a que coordinen de manera\nurgente, entre s\u00ed y con los concesionarios del servicio de transporte p\u00fablico,\nacciones para evitar la propagaci\u00f3n y contagio del coronavirus entre la\npoblaci\u00f3n.<\/p>\n\n\n\n<p>El punto de acuerdo destaca que, frente\na esta pandemia, no existe vacuna alguna que evite su contagio o propagaci\u00f3n,\npor lo que es necesario tomar medidas en todos los sectores.<\/p>\n\n\n\n<p>Por ello, la 64 Legislatura conmin\u00f3 a\nlas dependencias estatales antes se\u00f1aladas, a evitar la aglomeraci\u00f3n de\npersonas, entre otras medidas aplicables en las diferentes modalidades del\ntransporte p\u00fablico de pasajeros.<\/p>\n\n\n\n<p>De la misma forma, se exhort\u00f3 al\ngobierno estatal, a tomar las medidas necesarias para resguardar los derechos\nhumanos de los y las oaxaque\u00f1as, as\u00ed como a la salud y al libre tr\u00e1nsito.<\/p>\n\n\n\n<p>Bajo estas condiciones, el servicio de\ntransporte p\u00fablico deber\u00e1 seguir funcionando bajo esquemas de control y\nprevenci\u00f3n de contagios y propagaci\u00f3n del Covid-19, raz\u00f3n por la cual la Semovi\ny la Sso, de forma inmediata, deben coordinar acciones con los concesionarios\ndel servicio p\u00fablico.<\/p>\n\n\n\n<p>CUIDA A TRABAJADORES<\/p>\n\n\n\n<p>Por otra parte, ayer la Comisi\u00f3n de\nSalud, en Sesi\u00f3n Permanente, la Comisi\u00f3n de Trabajo y Seguridad Social del\nCongreso del Estado de Oaxaca.<\/p>\n\n\n\n<p>El presidente de la Junta de\nCoordinaci\u00f3n Pol\u00edtica, Horacio Sosa Villavicencio, celebr\u00f3 que la comisi\u00f3n\nlegislativa est\u00e9 vigilante y atenta ante la pandemia actual, porque se debe\nsalvaguardar la integridad de las trabajadoras y trabajadores.<\/p>\n\n\n\n<p>En su intervenci\u00f3n, la diputada Hilda\nGraciela P\u00e9rez Luis, presidenta de la Comisi\u00f3n, se\u00f1al\u00f3 que ser\u00e1n observadores,\na trav\u00e9s de la sesi\u00f3n permanente, de la situaci\u00f3n que est\u00e1n pasando o pudieran\npasar las personas que prestan sus servicios en las instituciones p\u00fablicas y en\nel mercado laboral del estado de Oaxaca.<\/p>\n\n\n\n<p>\u201cLas autoridades deben estar\nconscientes de la situaci\u00f3n de vulnerabilidad que actualmente&nbsp; viven&nbsp;\nlos y las trabajadoras, de sectores indispensables y de emergencia\nquienes a\u00fan no les es posible suspender actividades. Por tanto, resulta\napremiante tomar todas las medidas en materia de sanidad, para evitar la\npropagaci\u00f3n del Coronavirus\u201d, manifest\u00f3 la congresista.<\/p>\n\n\n\n<p>Lament\u00f3 que en algunos casos, la parte\npatronal no haya asumido su responsabilidad para con su planta laboral, por lo\nque hay que ejercer acciones para lograr que se atiendan&nbsp; todos los protocolos de higiene y la sana\ndistancia en los establecimientos, porque dada la peligrosidad del virus, no\ndeben continuar con la ausencia de materiales de prevenci\u00f3n b\u00e1sicos ante la\npandemia que afecta al pa\u00eds.<\/p>\n","protected":false},"excerpt":{"rendered":"<p>Redacci\u00f3n\/Zona Roja. Oaxaca de Ju\u00e1rez, Oax., 1 de abril de 2020.- Como una medida para&hellip;<\/p>\n","protected":false},"author":2,"featured_media":10559,"comment_status":"closed","ping_status":"open","sticky":false,"template":"","format":"standard","meta":{"_lmt_disableupdate":"","_lmt_disable":"","_jetpack_memberships_contains_paid_content":false,"footnotes":""},"categories":[109,46],"tags":[213],"class_list":["post-10558","post","type-post","status-publish","format-standard","has-post-thumbnail","hentry","category-minuto-a-minuto","category-zona-blanca","tag-64-legislatura-de-oaxaca"],"jetpack_featured_media_url":"https:\/\/zonaroja.com.mx\/wp-content\/uploads\/2020\/04\/FOTO-2.2-Vigila-Congreso-de-Oaxaca-derechos-de-trabajadores-ante-Emergencia-Sanitaria.jpeg","jetpack_sharing_enabled":true,"_links":{"self":[{"href":"https:\/\/zonaroja.com.mx\/index.php?rest_route=\/wp\/v2\/posts\/10558","targetHints":{"allow":["GET"]}}],"collection":[{"href":"https:\/\/zonaroja.com.mx\/index.php?rest_route=\/wp\/v2\/posts"}],"about":[{"href":"https:\/\/zonaroja.com.mx\/index.php?rest_route=\/wp\/v2\/types\/post"}],"author":[{"embeddable":true,"href":"https:\/\/zonaroja.com.mx\/index.php?rest_route=\/wp\/v2\/users\/2"}],"replies":[{"embeddable":true,"href":"https:\/\/zonaroja.com.mx\/index.php?rest_route=%2Fwp%2Fv2%2Fcomments&post=10558"}],"version-history":[{"count":1,"href":"https:\/\/zonaroja.com.mx\/index.php?rest_route=\/wp\/v2\/posts\/10558\/revisions"}],"predecessor-version":[{"id":10560,"href":"https:\/\/zonaroja.com.mx\/index.php?rest_route=\/wp\/v2\/posts\/10558\/revisions\/10560"}],"wp:featuredmedia":[{"embeddable":true,"href":"https:\/\/zonaroja.com.mx\/index.php?rest_route=\/wp\/v2\/media\/10559"}],"wp:attachment":[{"href":"https:\/\/zonaroja.com.mx\/index.php?rest_route=%2Fwp%2Fv2%2Fmedia&parent=10558"}],"wp:term":[{"taxonomy":"category","embeddable":true,"href":"https:\/\/zonaroja.com.mx\/index.php?rest_route=%2Fwp%2Fv2%2Fcategories&post=10558"},{"taxonomy":"post_tag","embeddable":true,"href":"https:\/\/zonaroja.com.mx\/index.php?rest_route=%2Fwp%2Fv2%2Ftags&post=10558"}],"curies":[{"name":"wp","href":"https:\/\/api.w.org\/{rel}","templated":true}]}}