{"id":10561,"date":"2020-04-01T14:39:03","date_gmt":"2020-04-01T20:39:03","guid":{"rendered":"http:\/\/www.zonaroja.com.mx\/?p=10561"},"modified":"2020-04-01T14:39:06","modified_gmt":"2020-04-01T20:39:06","slug":"por-fin-un-dia-sin-ambulantes-en-tuxtepec-paliativo-en-medio-de-contingencia","status":"publish","type":"post","link":"https:\/\/zonaroja.com.mx\/?p=10561","title":{"rendered":"Por fin, \u201cun d\u00eda sin ambulantes en Tuxtepec\u201d; paliativo en medio de contingencia"},"content":{"rendered":"\n<p>Yuridiana Sosa\/Zona Roja.<\/p>\n\n\n\n<p>San Juan Bautista Tuxtepec, Oax., 1 de\nabril de 2020.- Tras dos fechas pospuestas por falta de acuerdos con los\nl\u00edderes del comercio informal, este mi\u00e9rcoles m\u00e1s de 800 puestos en la v\u00eda\np\u00fablica, se retiraron de las calles del centro de Tuxtepec.<\/p>\n\n\n\n<p>El programa denominado \u201cUn d\u00eda sin\nambulantes\u201d que implementa el gobierno municipal se plane\u00f3 ejecutar desde el\nmes de febrero, pero no se logr\u00f3; en marzo tampoco, pero a partir de esta\nocasi\u00f3n, se pretende llevar a cabo el primer mi\u00e9rcoles de cada mes.<\/p>\n\n\n\n<p>En las dos administraciones municipales\nencabezadas por Fernando Bautista D\u00e1vila, el comercio informal ha presentado un\nincremento desmedido en calles del centro y en la periferia, que en contraste\ncon los n\u00fameros reales, el gobierno mantiene un padr\u00f3n de 776 vendedores\nambulantes.<\/p>\n\n\n\n<p>Aunque \u00abUn d\u00eda sin\nambulantes\u00bb es una medida es ajena a los planes para contener la\npropagaci\u00f3n del Covid-19 en este municipio de la regi\u00f3n de la Cuenca, es la\nacci\u00f3n m\u00e1s certera que las autoridades municipales han implementado en el\ndesarrollo de la fase 2 de la emergencia sanitaria por el Covid.<\/p>\n\n\n\n<p>Contrario a otras autoridades en la\nentidad, en la administraci\u00f3n municipal de Tuxtepec no se ha informado de\nmanera p\u00fablica la suspensi\u00f3n del tianguis dominical que se instala en la\nprolongaci\u00f3n de la avenida 20 de Noviembre; ni cerrado los espacios p\u00fablicos\ncomo parques y s\u00f3lo se limit\u00f3 a la cancelaci\u00f3n de actividades de gobierno.<\/p>\n\n\n\n<p>Durante el operativo personal del\nayuntamiento y comerciantes realizan limpieza en algunas calles con jab\u00f3n en\npolvo y agua.<\/p>\n\n\n\n<p>COMERCIO FORMAL ACTIVO <\/p>\n\n\n\n<p>Afuera de los bancos y la tienda Coppel,\nhay largas filas para realizar sus tr\u00e1mites debido que al interior cada empresa\ntom\u00f3 medidas de prevenci\u00f3n y contenci\u00f3n para evitar la concentraci\u00f3n numerosa\nde personas en sus instalaciones.<\/p>\n\n\n\n<p>Ante la aglomeraci\u00f3n de personas sobre\nla calle, la Direcci\u00f3n de Salud del gobierno municipal realiz\u00f3 un operativo de\ninformaci\u00f3n, proporcion\u00f3 gel antibacterial y distanci\u00f3 a los clientes; s\u00f3lo\nacataron por unos minutos, pues las filas se mantienen con personas a corta distancia.<\/p>\n\n\n\n<p>Las micro, peque\u00f1as y medianas empresas\ndel comercio formal, de los diferentes giros, mantienen sus cortinas arriba, en\nalgunos casos con horarios reducidos. Contrario a los de cadena nacional, que\ndecidieron cerrar sus puertas de forma temporal, la mayor\u00eda dedicada a la venta\nde ropa.<\/p>\n","protected":false},"excerpt":{"rendered":"<p>Yuridiana Sosa\/Zona Roja. San Juan Bautista Tuxtepec, Oax., 1 de abril de 2020.- Tras dos&hellip;<\/p>\n","protected":false},"author":2,"featured_media":10562,"comment_status":"closed","ping_status":"open","sticky":false,"template":"","format":"standard","meta":{"_lmt_disableupdate":"","_lmt_disable":"","_jetpack_memberships_contains_paid_content":false,"footnotes":""},"categories":[109,47],"tags":[118],"class_list":["post-10561","post","type-post","status-publish","format-standard","has-post-thumbnail","hentry","category-minuto-a-minuto","category-zona-gris","tag-san-juan-bautista-tuxtepec"],"jetpack_featured_media_url":"https:\/\/zonaroja.com.mx\/wp-content\/uploads\/2020\/04\/IMG_7366.png","jetpack_sharing_enabled":true,"_links":{"self":[{"href":"https:\/\/zonaroja.com.mx\/index.php?rest_route=\/wp\/v2\/posts\/10561","targetHints":{"allow":["GET"]}}],"collection":[{"href":"https:\/\/zonaroja.com.mx\/index.php?rest_route=\/wp\/v2\/posts"}],"about":[{"href":"https:\/\/zonaroja.com.mx\/index.php?rest_route=\/wp\/v2\/types\/post"}],"author":[{"embeddable":true,"href":"https:\/\/zonaroja.com.mx\/index.php?rest_route=\/wp\/v2\/users\/2"}],"replies":[{"embeddable":true,"href":"https:\/\/zonaroja.com.mx\/index.php?rest_route=%2Fwp%2Fv2%2Fcomments&post=10561"}],"version-history":[{"count":1,"href":"https:\/\/zonaroja.com.mx\/index.php?rest_route=\/wp\/v2\/posts\/10561\/revisions"}],"predecessor-version":[{"id":10563,"href":"https:\/\/zonaroja.com.mx\/index.php?rest_route=\/wp\/v2\/posts\/10561\/revisions\/10563"}],"wp:featuredmedia":[{"embeddable":true,"href":"https:\/\/zonaroja.com.mx\/index.php?rest_route=\/wp\/v2\/media\/10562"}],"wp:attachment":[{"href":"https:\/\/zonaroja.com.mx\/index.php?rest_route=%2Fwp%2Fv2%2Fmedia&parent=10561"}],"wp:term":[{"taxonomy":"category","embeddable":true,"href":"https:\/\/zonaroja.com.mx\/index.php?rest_route=%2Fwp%2Fv2%2Fcategories&post=10561"},{"taxonomy":"post_tag","embeddable":true,"href":"https:\/\/zonaroja.com.mx\/index.php?rest_route=%2Fwp%2Fv2%2Ftags&post=10561"}],"curies":[{"name":"wp","href":"https:\/\/api.w.org\/{rel}","templated":true}]}}