{"id":10568,"date":"2020-04-01T16:47:07","date_gmt":"2020-04-01T22:47:07","guid":{"rendered":"http:\/\/www.zonaroja.com.mx\/?p=10568"},"modified":"2020-04-01T16:47:13","modified_gmt":"2020-04-01T22:47:13","slug":"inicia-abril-con-un-ejecutado-en-tuxtepec-y-otro-en-salina-cruz","status":"publish","type":"post","link":"https:\/\/zonaroja.com.mx\/?p=10568","title":{"rendered":"Inicia abril con un ejecutado en Tuxtepec y otro en Salina Cruz"},"content":{"rendered":"\n<p>Redacci\u00f3n\/Zona Roja.<\/p>\n\n\n\n<p>Oaxaca de Ju\u00e1rez, Oax., 1 de abril de\n2020.- Los hechos violentos regresaron al municipio de San Juan Bautista Tuxtepec,\ndonde la tarde de este mi\u00e9rcoles se registr\u00f3 un ataque armado que dej\u00f3 como\nsaldo un hombre muerto y una mujer lesionada.<\/p>\n\n\n\n<p>De acuerdo con el reporte policial, la\nv\u00edctima fue identificada como Carlos Santos Estrada, dirigente del Sindicato de\nPiperos de Tuxtepec, as\u00ed como patrocinador y organizador de ligas de futbol de\nequipos locales.<\/p>\n\n\n\n<p>Los hechos ocurrieron alrededor de las\n15: 30 horas en el interior de un taller de mofles, donde el cuerpo de la\nv\u00edctima qued\u00f3 tendido sobre el suelo del establecimiento, ubicado en\ninmediaciones del acceso al bulevar Manuel \u00c1vila Camacho, a un costado de la\nfuente de \u201cLas mariposas\u201d.<\/p>\n\n\n\n<p>Al lugar arribaron elementos de la\nPolic\u00eda Municipal para acordar el \u00e1rea del crimen, as\u00ed como de la Agencias\nEstatal de Investigaciones de la Fiscal\u00eda General de Oaxaca (FGO).<\/p>\n\n\n\n<p>ASESINADO EN SALINA CRUZ<\/p>\n\n\n\n<p>Por otra parte, el cuerpo de una\npersona sin vida fue localizado la ma\u00f1ana de este mi\u00e9rcoles en la colonia\nFrancisco I. Madero del municipio de Salina Cruz; presenta impactos de bala en\nel cuerpo y presuntamente fue ejecutado.<\/p>\n\n\n\n<p>La v\u00edctima se hall\u00f3 en la parte trasera\ndel motel \u201cXelaju\u201d, hasta donde arribaron integrantes de la Agencia Estatal de\nInvestigaciones a realizar las diligencias correspondientes.<\/p>\n\n\n\n<p>Testigos de la zona indicaron a las\nautoridades policiacas que la noche de este martes se escucharon detonaciones\nde arma de fuego.<\/p>\n\n\n\n<p>ATAQUE EN JUCHIT\u00c1N<\/p>\n\n\n\n<p>En tanto, en el municipio vecino de\nJuchit\u00e1n de Zaragoza, personal de reparto de la distribuidora de pollos de la\nl\u00ednea \u00abAgr\u00edcolas Castillejos\u00bb fue atacado a balazos mientras\ncirculaba en el tramo carretero Juchit\u00e1n-Uni\u00f3n Hidalgo.<\/p>\n\n\n\n<p>El ataque dej\u00f3 como saldo una persona\nlesionada, identificada como Leonel P. C. de 65 a\u00f1os de edad y vecino del\nmunicipio de El Espinal; en el lugar recibi\u00f3 los primeros auxilios y\nposteriormente fue trasladada servicios m\u00e9dicos.<\/p>\n\n\n\n<p>La Polic\u00eda Municipal de Juchit\u00e1n arrib\u00f3\nal lugar para tomar conocimiento del hecho y realizar las diligencias\ncorrespondientes.<\/p>\n","protected":false},"excerpt":{"rendered":"<p>Redacci\u00f3n\/Zona Roja. Oaxaca de Ju\u00e1rez, Oax., 1 de abril de 2020.- Los hechos violentos regresaron&hellip;<\/p>\n","protected":false},"author":2,"featured_media":10569,"comment_status":"closed","ping_status":"open","sticky":false,"template":"","format":"standard","meta":{"_lmt_disableupdate":"","_lmt_disable":"","_jetpack_memberships_contains_paid_content":false,"footnotes":""},"categories":[109,51],"tags":[571],"class_list":["post-10568","post","type-post","status-publish","format-standard","has-post-thumbnail","hentry","category-minuto-a-minuto","category-zona-roja","tag-ejecutados-en-la-cuenca"],"jetpack_featured_media_url":"https:\/\/zonaroja.com.mx\/wp-content\/uploads\/2020\/04\/PHOTO-2020-04-01-16-14-14.jpg","jetpack_sharing_enabled":true,"_links":{"self":[{"href":"https:\/\/zonaroja.com.mx\/index.php?rest_route=\/wp\/v2\/posts\/10568","targetHints":{"allow":["GET"]}}],"collection":[{"href":"https:\/\/zonaroja.com.mx\/index.php?rest_route=\/wp\/v2\/posts"}],"about":[{"href":"https:\/\/zonaroja.com.mx\/index.php?rest_route=\/wp\/v2\/types\/post"}],"author":[{"embeddable":true,"href":"https:\/\/zonaroja.com.mx\/index.php?rest_route=\/wp\/v2\/users\/2"}],"replies":[{"embeddable":true,"href":"https:\/\/zonaroja.com.mx\/index.php?rest_route=%2Fwp%2Fv2%2Fcomments&post=10568"}],"version-history":[{"count":1,"href":"https:\/\/zonaroja.com.mx\/index.php?rest_route=\/wp\/v2\/posts\/10568\/revisions"}],"predecessor-version":[{"id":10570,"href":"https:\/\/zonaroja.com.mx\/index.php?rest_route=\/wp\/v2\/posts\/10568\/revisions\/10570"}],"wp:featuredmedia":[{"embeddable":true,"href":"https:\/\/zonaroja.com.mx\/index.php?rest_route=\/wp\/v2\/media\/10569"}],"wp:attachment":[{"href":"https:\/\/zonaroja.com.mx\/index.php?rest_route=%2Fwp%2Fv2%2Fmedia&parent=10568"}],"wp:term":[{"taxonomy":"category","embeddable":true,"href":"https:\/\/zonaroja.com.mx\/index.php?rest_route=%2Fwp%2Fv2%2Fcategories&post=10568"},{"taxonomy":"post_tag","embeddable":true,"href":"https:\/\/zonaroja.com.mx\/index.php?rest_route=%2Fwp%2Fv2%2Ftags&post=10568"}],"curies":[{"name":"wp","href":"https:\/\/api.w.org\/{rel}","templated":true}]}}