{"id":10572,"date":"2020-04-01T17:30:11","date_gmt":"2020-04-01T23:30:11","guid":{"rendered":"http:\/\/www.zonaroja.com.mx\/?p=10572"},"modified":"2020-04-01T17:30:14","modified_gmt":"2020-04-01T23:30:14","slug":"pese-a-contingencia-por-covid-19-despiden-a-personal-medico-en-oaxaca","status":"publish","type":"post","link":"https:\/\/zonaroja.com.mx\/?p=10572","title":{"rendered":"Pese a contingencia por Covid-19, despiden a personal m\u00e9dico en Oaxaca"},"content":{"rendered":"\n<p>Evlin Arag\u00f3n\/Zona Roja.<\/p>\n\n\n\n<p>Oaxaca de Ju\u00e1rez, Oax., 1 de abril de\n2020.- \u201cPese al llamado que hizo el Presidente a los profesionistas de la\nsalud, no entendemos c\u00f3mo es que en Oaxaca est\u00e9n despidiendo a m\u00e1s de 300 trabajadores\nde la salud que hoy son vitales\u201d.<\/p>\n\n\n\n<p>Son las palabras de un grupo de\nprofesionales en la medicina de diversas especialidades, que este mi\u00e9rcoles\ndenunciaron el despido de m\u00e1s de 300 m\u00e9dicos y enfermeras, as\u00ed como la falta de\nrecontrataci\u00f3n pese a la existencia de un presupuesto espec\u00edfico para ello y en\nplena contingencia nacional por el Covid-19.<\/p>\n\n\n\n<p>Se trata de integrantes del Programa\nU013 \u201cAtenci\u00f3n a la salud y medicamentos gratuitos para la poblaci\u00f3n sin\nseguridad social laboral\u201d, dentro de los que destacan profesionales en medicina\ngeneral, enfermer\u00eda, psicolog\u00eda y nutrici\u00f3n distribuimos en todo el estado,\nparticularmente en comunidades marginadas.<\/p>\n\n\n\n<p>En conferencia de prensa, dieron lectura a una carta p\u00fablica dirigida al gobernador de Oaxaca, Alejandro Murat Hinojosa, y al Presidente de la Rep\u00fablica, Andr\u00e9s Manuel L\u00f3pez, debido a la falta de respuestas concretas y favorables por parte de las instancias correspondientes a nivel estatal a las que han acudido previamente.<\/p>\n\n\n\n<figure class=\"wp-block-embed-twitter wp-block-embed is-type-rich is-provider-twitter\"><div class=\"wp-block-embed__wrapper\">\n<div class=\"twitter-tweet\"><blockquote class=\"twitter-tweet\" data-lang=\"es\"><p lang=\"es\" dir=\"ltr\"><a href=\"https:\/\/twitter.com\/hashtag\/CoronavirusEmergenciaSanitaria?src=hash&amp;ref_src=twsrc%5Etfw\">#CoronavirusEmergenciaSanitaria<\/a><br>El gobernador <a href=\"https:\/\/twitter.com\/alejandromurat?ref_src=twsrc%5Etfw\">@alejandromurat<\/a> habr\u00eda desviado recursos presupuestales que ser\u00edan para personal de contrato del sector salud, denunciaron hoy en conferencia; son alrededor de 350 m\u00e9dicos y enfermeras que no han sido recontratados, pese a emergencia. <a href=\"https:\/\/t.co\/tdFSjcWySO\">pic.twitter.com\/tdFSjcWySO<\/a><\/p>&mdash; Zona Roja Oaxaca (@MexRoja) <a href=\"https:\/\/twitter.com\/MexRoja\/status\/1245421239591669760?ref_src=twsrc%5Etfw\">1 de abril de 2020<\/a><\/blockquote><\/div>\n<\/div><\/figure>\n\n\n\n<p>En voz de la enfermera Margarita Garc\u00eda\nCruz, explicaron que al momento de su contrataci\u00f3n les dieron a conocer que el\nprograma ten\u00eda fondos suficientes para operar durante un a\u00f1o, por lo que su\nfalta de continuidad hace pensar en la posibilidad de desv\u00edo de recursos, en\nmomentos sumamente complicados la poblaci\u00f3n estatal en materia de salud.<\/p>\n\n\n\n<p>Explicaron que el programa cuenta con\nun recurso federal aprobado desde en noviembre del 2019 de mil 457 millones\npara todo el estado, el cual ya se empez\u00f3 a ejercer en este 2020 sin que las y\nlos trabajadores tengan certeza de su situaci\u00f3n laboral, situaci\u00f3n que han\nhecho evidente desde hace meses sin que las autoridades volteen los ojos hacia\nel sector salud.<\/p>\n\n\n\n<p>Indicaron que hasta el d\u00eda de hoy no se\nha logrado completar el total de hospitales necesarios para atender a pacientes\npor el Covid-19, lo cual representar\u00e1 una crisis en la Fase 2 de la pandemia,\npor lo que indicaron es fundamental que se fortalezca el primer nivel de\natenci\u00f3n, que est\u00e1 siendo afectado con los despidos.<\/p>\n\n\n\n<p>\u201cNosotros podemos mejorar las\nestad\u00edsticas, los m\u00e9dicos en esta lista y en el programa U013 somos de primer\nnivel de atenci\u00f3n, todos con acreditaci\u00f3n para informar y atender a nuestra\npoblaci\u00f3n y evitar la saturaci\u00f3n de hospitales de segundo nivel, haciendo lo\nque siempre ha funcionado mejor; prevenci\u00f3n\u201d, refieren en el documento.<\/p>\n\n\n\n<p>Finalmente evocaron a la sensibilidad\ndel mandatario estatal Alejandro Murat para que intervenga y se pueda\nrecontratar de manera inmediata al personal que presta el servicio a la\npoblaci\u00f3n m\u00e1s vulnerable del estado de Oaxaca, quienes se encargan de atender las\ncomunidades de alta y muy alta marginaci\u00f3n ubicadas en las ocho regiones, en\ndonde s\u00f3lo existe personal del programa en menci\u00f3n.<\/p>\n\n\n\n<p>\u201cMuchos compa\u00f1eros a\u00fan siguen\ntrabajando, poniendo de su bolsillo para no dejar en la incertidumbre a la\npoblaci\u00f3n, otros m\u00e1s dejaron decir por la falta de recursos. Somos personal que\nquiere trabajar, que en otras ocasiones hemos dado la cara por los servicios de\nsalud\u201d, concluyeron.<\/p>\n","protected":false},"excerpt":{"rendered":"<p>Evlin Arag\u00f3n\/Zona Roja. Oaxaca de Ju\u00e1rez, Oax., 1 de abril de 2020.- \u201cPese al llamado&hellip;<\/p>\n","protected":false},"author":2,"featured_media":10573,"comment_status":"closed","ping_status":"open","sticky":false,"template":"","format":"standard","meta":{"_lmt_disableupdate":"","_lmt_disable":"","_jetpack_memberships_contains_paid_content":false,"footnotes":""},"categories":[109,47],"tags":[1005],"class_list":["post-10572","post","type-post","status-publish","format-standard","has-post-thumbnail","hentry","category-minuto-a-minuto","category-zona-gris","tag-servicios-de-salud-de-oaxaca-sso"],"jetpack_featured_media_url":"https:\/\/zonaroja.com.mx\/wp-content\/uploads\/2020\/04\/IMG_7231.jpg","jetpack_sharing_enabled":true,"_links":{"self":[{"href":"https:\/\/zonaroja.com.mx\/index.php?rest_route=\/wp\/v2\/posts\/10572","targetHints":{"allow":["GET"]}}],"collection":[{"href":"https:\/\/zonaroja.com.mx\/index.php?rest_route=\/wp\/v2\/posts"}],"about":[{"href":"https:\/\/zonaroja.com.mx\/index.php?rest_route=\/wp\/v2\/types\/post"}],"author":[{"embeddable":true,"href":"https:\/\/zonaroja.com.mx\/index.php?rest_route=\/wp\/v2\/users\/2"}],"replies":[{"embeddable":true,"href":"https:\/\/zonaroja.com.mx\/index.php?rest_route=%2Fwp%2Fv2%2Fcomments&post=10572"}],"version-history":[{"count":1,"href":"https:\/\/zonaroja.com.mx\/index.php?rest_route=\/wp\/v2\/posts\/10572\/revisions"}],"predecessor-version":[{"id":10574,"href":"https:\/\/zonaroja.com.mx\/index.php?rest_route=\/wp\/v2\/posts\/10572\/revisions\/10574"}],"wp:featuredmedia":[{"embeddable":true,"href":"https:\/\/zonaroja.com.mx\/index.php?rest_route=\/wp\/v2\/media\/10573"}],"wp:attachment":[{"href":"https:\/\/zonaroja.com.mx\/index.php?rest_route=%2Fwp%2Fv2%2Fmedia&parent=10572"}],"wp:term":[{"taxonomy":"category","embeddable":true,"href":"https:\/\/zonaroja.com.mx\/index.php?rest_route=%2Fwp%2Fv2%2Fcategories&post=10572"},{"taxonomy":"post_tag","embeddable":true,"href":"https:\/\/zonaroja.com.mx\/index.php?rest_route=%2Fwp%2Fv2%2Ftags&post=10572"}],"curies":[{"name":"wp","href":"https:\/\/api.w.org\/{rel}","templated":true}]}}